{"id":186852,"date":"2020-09-04T06:20:52","date_gmt":"2020-09-04T09:20:52","guid":{"rendered":"https:\/\/www.caririemacao.com\/1\/?p=186852"},"modified":"2020-09-04T06:20:52","modified_gmt":"2020-09-04T09:20:52","slug":"prefeita-natalia-de-dr-junior-recebe-adesao-de-mais-uma-familia-e-se-fortalece-para-proxima-eleicao","status":"publish","type":"post","link":"https:\/\/www.caririemacao.com\/1\/2020\/09\/04\/prefeita-natalia-de-dr-junior-recebe-adesao-de-mais-uma-familia-e-se-fortalece-para-proxima-eleicao\/","title":{"rendered":"Prefeita Nat\u00e1lia de Dr. J\u00fanior recebe ades\u00e3o de mais uma fam\u00edlia e se fortalece para pr\u00f3xima elei\u00e7\u00e3o."},"content":{"rendered":"\n<h3 class=\"wp-block-heading\"><\/h3>\n\n\n\n<p><strong>O grupo liderado pela Prefeita Nat\u00e1lia e seu esposo o l\u00edder politico o m\u00e9dico Dr. J\u00fanior receberam ades\u00e3o de mais uma fam\u00edlia, em reconhecimento o grandioso trabalho que vem desenvolvendo o munic\u00edpio de Ouro Velho.<\/strong><strong>O trabalho elogiado que a prefeita Nat\u00e1lia de Dr. J\u00fanior est\u00e1 desenvolvendo no munic\u00edpio tem atra\u00eddo ades\u00f5es constantes de eleitores que j\u00e1 foram da oposi\u00e7\u00e3o.<\/strong><strong>Nos \u00faltimos dias o grupo situacionista vem conseguindo v\u00e1rias ades\u00f5es com a for\u00e7a do trabalho, ades\u00f5es de grandes lideran\u00e7as e fam\u00edlias que acredita numa cidade cada vez melhor.<\/strong><strong>Recebemos mais uma fam\u00edlia, Aninha e Pereira, com muita alegria. Eles vem se somar a esse projeto coletivo que tem levado o crescimento de Ouro Velho, destaca Dr. J\u00fanior.<\/strong><strong>Poeta Teixeirinha&nbsp;&nbsp;<\/strong><\/p>\n","protected":false},"excerpt":{"rendered":"<p>O grupo liderado pela Prefeita Nat\u00e1lia e seu esposo o l\u00edder politico o m\u00e9dico Dr. J\u00fanior receberam ades\u00e3o de mais uma fam\u00edlia, em reconhecimento o&hellip; <\/p>\n","protected":false},"author":2,"featured_media":186853,"comment_status":"closed","ping_status":"closed","sticky":false,"template":"","format":"standard","meta":{"sfsi_plus_gutenberg_text_before_share":"","sfsi_plus_gutenberg_show_text_before_share":"","sfsi_plus_gutenberg_icon_type":"","sfsi_plus_gutenberg_icon_alignemt":"","sfsi_plus_gutenburg_max_per_row":"","footnotes":""},"categories":[50,11],"tags":[],"class_list":["post-186852","post","type-post","status-publish","format-standard","has-post-thumbnail","hentry","category-destaque","category-politica"],"_links":{"self":[{"href":"https:\/\/www.caririemacao.com\/1\/wp-json\/wp\/v2\/posts\/186852","targetHints":{"allow":["GET"]}}],"collection":[{"href":"https:\/\/www.caririemacao.com\/1\/wp-json\/wp\/v2\/posts"}],"about":[{"href":"https:\/\/www.caririemacao.com\/1\/wp-json\/wp\/v2\/types\/post"}],"author":[{"embeddable":true,"href":"https:\/\/www.caririemacao.com\/1\/wp-json\/wp\/v2\/users\/2"}],"replies":[{"embeddable":true,"href":"https:\/\/www.caririemacao.com\/1\/wp-json\/wp\/v2\/comments?post=186852"}],"version-history":[{"count":1,"href":"https:\/\/www.caririemacao.com\/1\/wp-json\/wp\/v2\/posts\/186852\/revisions"}],"predecessor-version":[{"id":186854,"href":"https:\/\/www.caririemacao.com\/1\/wp-json\/wp\/v2\/posts\/186852\/revisions\/186854"}],"wp:featuredmedia":[{"embeddable":true,"href":"https:\/\/www.caririemacao.com\/1\/wp-json\/wp\/v2\/media\/186853"}],"wp:attachment":[{"href":"https:\/\/www.caririemacao.com\/1\/wp-json\/wp\/v2\/media?parent=186852"}],"wp:term":[{"taxonomy":"category","embeddable":true,"href":"https:\/\/www.caririemacao.com\/1\/wp-json\/wp\/v2\/categories?post=186852"},{"taxonomy":"post_tag","embeddable":true,"href":"https:\/\/www.caririemacao.com\/1\/wp-json\/wp\/v2\/tags?post=186852"}],"curies":[{"name":"wp","href":"https:\/\/api.w.org\/{rel}","templated":true}]}}