{"id":186856,"date":"2020-09-04T06:23:57","date_gmt":"2020-09-04T09:23:57","guid":{"rendered":"https:\/\/www.caririemacao.com\/1\/?p=186856"},"modified":"2020-09-04T06:23:57","modified_gmt":"2020-09-04T09:23:57","slug":"pre-candidatos-a-reeleicao-lorena-e-celecileno-participam-de-reuniao-com-a-juventude","status":"publish","type":"post","link":"https:\/\/www.caririemacao.com\/1\/2020\/09\/04\/pre-candidatos-a-reeleicao-lorena-e-celecileno-participam-de-reuniao-com-a-juventude\/","title":{"rendered":"Pr\u00e9-candidatos \u00e0 reelei\u00e7\u00e3o, Lorena e Celecileno participam de reuni\u00e3o com a juventude"},"content":{"rendered":"\n<h1 class=\"wp-block-heading\"><\/h1>\n\n\n\n<hr class=\"wp-block-separator\"\/>\n\n\n\n<p>Os pr\u00e9-candidatos Anna Lorena (PL) e Celecileno Alves (Cidadania), prefeita e vice-prefeito respectivamente, participaram de uma reuni\u00e3o na noite desta quinta-feira (03), com a juventude monteirense, para debater e discutir ideias para os jovens, que ser\u00e3o implementadas em seu plano de governo, al\u00e9m de realizar uma balan\u00e7o das a\u00e7\u00f5es realizadas por sua gest\u00e3o em prol da juventude.<\/p>\n\n\n\n<p>A reuni\u00e3o foi considerada uma sucesso, e seguiu todas as recomenda\u00e7\u00f5es das autoridades sanit\u00e1rias, mantendo o distanciamento e o uso de m\u00e1scara e \u00e1lcool em gel.<\/p>\n\n\n\n<p>O vice-prefeito Celelecino destacou que a juventude monteirense tem recebido total aten\u00e7\u00e3o da gest\u00e3o, e aproveitou a oportunidade para reafirmar seu compromisso com o grupo e com \u00e0 popula\u00e7\u00e3o monteirense, enfatizando que time que est\u00e1 ganhando n\u00e3o se mexe, e por isso Monteiro deve continuar no caminho certo.<\/p>\n\n\n\n<p>A prefeita Anna Lorena destacou que a gest\u00e3o tem realizado v\u00e1rias a\u00e7\u00f5es em prol da juventude, com incentivo para que os estudantes ingressem no ensino superior, capacita\u00e7\u00f5es para o mercado de trabalho, melhorias no transporte escolar para os universit\u00e1rios que frequentam universidades em Campina Grande, fortalecimento da semana da juventude, entre tantas outras a\u00e7\u00f5es desenvolvidas ao logo da gest\u00e3o, e enfatizou a parceria e participa\u00e7\u00e3o do vice-prefeito Celecileno no desenvolvimento dessas a\u00e7\u00f5es.<\/p>\n\n\n\n<div class=\"wp-block-image\"><figure class=\"aligncenter\"><img decoding=\"async\" data-src=\"https:\/\/i0.wp.com\/www.vitrinedocariri.com.br\/wp-content\/uploads\/2020\/09\/WhatsApp-Image-2020-09-03-at-18.50.23.jpeg?resize=300%2C225&amp;ssl=1\" alt=\"\" class=\"wp-image-79203 lazyload\" src=\"data:image\/svg+xml;base64,PHN2ZyB3aWR0aD0iMSIgaGVpZ2h0PSIxIiB4bWxucz0iaHR0cDovL3d3dy53My5vcmcvMjAwMC9zdmciPjwvc3ZnPg==\" \/><\/figure><\/div>\n","protected":false},"excerpt":{"rendered":"<p>Os pr\u00e9-candidatos Anna Lorena (PL) e Celecileno Alves (Cidadania), prefeita e vice-prefeito respectivamente, participaram de uma reuni\u00e3o na noite desta quinta-feira (03), com a juventude&hellip; <\/p>\n","protected":false},"author":2,"featured_media":186857,"comment_status":"closed","ping_status":"closed","sticky":false,"template":"","format":"standard","meta":{"sfsi_plus_gutenberg_text_before_share":"","sfsi_plus_gutenberg_show_text_before_share":"","sfsi_plus_gutenberg_icon_type":"","sfsi_plus_gutenberg_icon_alignemt":"","sfsi_plus_gutenburg_max_per_row":"","footnotes":""},"categories":[11],"tags":[],"class_list":["post-186856","post","type-post","status-publish","format-standard","has-post-thumbnail","hentry","category-politica"],"_links":{"self":[{"href":"https:\/\/www.caririemacao.com\/1\/wp-json\/wp\/v2\/posts\/186856","targetHints":{"allow":["GET"]}}],"collection":[{"href":"https:\/\/www.caririemacao.com\/1\/wp-json\/wp\/v2\/posts"}],"about":[{"href":"https:\/\/www.caririemacao.com\/1\/wp-json\/wp\/v2\/types\/post"}],"author":[{"embeddable":true,"href":"https:\/\/www.caririemacao.com\/1\/wp-json\/wp\/v2\/users\/2"}],"replies":[{"embeddable":true,"href":"https:\/\/www.caririemacao.com\/1\/wp-json\/wp\/v2\/comments?post=186856"}],"version-history":[{"count":1,"href":"https:\/\/www.caririemacao.com\/1\/wp-json\/wp\/v2\/posts\/186856\/revisions"}],"predecessor-version":[{"id":186858,"href":"https:\/\/www.caririemacao.com\/1\/wp-json\/wp\/v2\/posts\/186856\/revisions\/186858"}],"wp:featuredmedia":[{"embeddable":true,"href":"https:\/\/www.caririemacao.com\/1\/wp-json\/wp\/v2\/media\/186857"}],"wp:attachment":[{"href":"https:\/\/www.caririemacao.com\/1\/wp-json\/wp\/v2\/media?parent=186856"}],"wp:term":[{"taxonomy":"category","embeddable":true,"href":"https:\/\/www.caririemacao.com\/1\/wp-json\/wp\/v2\/categories?post=186856"},{"taxonomy":"post_tag","embeddable":true,"href":"https:\/\/www.caririemacao.com\/1\/wp-json\/wp\/v2\/tags?post=186856"}],"curies":[{"name":"wp","href":"https:\/\/api.w.org\/{rel}","templated":true}]}}