{"id":186872,"date":"2020-09-04T08:06:44","date_gmt":"2020-09-04T11:06:44","guid":{"rendered":"https:\/\/www.caririemacao.com\/1\/?p=186872"},"modified":"2020-09-04T08:06:44","modified_gmt":"2020-09-04T11:06:44","slug":"uepb-vai-realizar-eleicao-online-para-escolha-de-novo-reitor","status":"publish","type":"post","link":"https:\/\/www.caririemacao.com\/1\/2020\/09\/04\/uepb-vai-realizar-eleicao-online-para-escolha-de-novo-reitor\/","title":{"rendered":"UEPB vai realizar elei\u00e7\u00e3o online para escolha de novo reitor"},"content":{"rendered":"\n<h1 class=\"wp-block-heading\"><\/h1>\n\n\n\n<p>O Conselho Universit\u00e1rio (Consuni) da Universidade Estadual da Para\u00edba (UEPB) aprovou, por unanimidade, em reuni\u00e3o virtual realizada na tarde desta quinta-feira (3), a realiza\u00e7\u00e3o de elei\u00e7\u00e3o on-line para escolha da nova gest\u00e3o da Institui\u00e7\u00e3o.<\/p>\n\n\n\n<p>Tamb\u00e9m ficou definido o dia 21 de outubro como data para realiza\u00e7\u00e3o da consulta \u00e0 comunidade universit\u00e1ria.<\/p>\n\n\n\n<p>Conforme decidido pelos conselheiros, a vota\u00e7\u00e3o ser\u00e1 realizada por meio do sistema Helios Voting.<\/p>\n\n\n\n<p>Duas comiss\u00f5es ser\u00e3o formadas para o processo de consulta, sendo uma a Comiss\u00e3o Eleitoral, que ser\u00e1 respons\u00e1vel pelas normas complementares do processo eletivo, e outra a Comiss\u00e3o T\u00e9cnica, formada por tr\u00eas servidores da Coordenadoria de Tecnologia da Informa\u00e7\u00e3o e Comunica\u00e7\u00e3o (CTIC), que ficar\u00e1 a cargo dos procedimentos t\u00e9cnicos para utiliza\u00e7\u00e3o do sistema de vota\u00e7\u00e3o, sob a coordena\u00e7\u00e3o da Comiss\u00e3o Eleitoral.<\/p>\n\n\n\n<p>Cada chapa inscrita poder\u00e1 indicar um fiscal t\u00e9cnico para acompanhar a realiza\u00e7\u00e3o das elei\u00e7\u00f5es, nos termos definidos pela Comiss\u00e3o Eleitoral, em todas as etapas do processo.<\/p>\n\n\n\n<p>A Comiss\u00e3o Eleitoral convidar\u00e1 o Minist\u00e9rio P\u00fablico, o Tribunal Regional Eleitoral e a OAB, informando-lhes sobre o pleito e convidando os referidos \u00f3rg\u00e3os a atuarem como observadores t\u00e9cnicos de todo o processo eleitoral.<\/p>\n\n\n\n<p>A Comiss\u00e3o Eleitoral abrir\u00e1 Edital de Chamada P\u00fablica para credenciar demais entidades p\u00fablicas que queiram participar do processo eleitoral, na condi\u00e7\u00e3o de observadores. Aplicam-se \u00e0 consulta on-line, no que couber, todas as normas da Resolu\u00e7\u00e3o UEPB\/CONSUNI\/003\/2008, que trata sobre elei\u00e7\u00f5es no \u00e2mbito da Universidade Estadual da Para\u00edba.<\/p>\n\n\n\n<p>Os conselheiros decidiram pela vota\u00e7\u00e3o remota levando em considera\u00e7\u00e3o, entre outros motivos, a proximidade da data de t\u00e9rmino dos atuais mandatos de reitor e vice-reitor e a necessidade de criar condi\u00e7\u00f5es para realiza\u00e7\u00e3o da consulta eleitoral, em respeito m\u00e1ximo \u00e0 democracia interna; bem como a impossibilidade de realiza\u00e7\u00e3o presencial do processo de consulta sem riscos \u00e0 seguran\u00e7a e \u00e0 sa\u00fade da comunidade universit\u00e1ria, diante da incerteza da situa\u00e7\u00e3o epidemiol\u00f3gica e sanit\u00e1ria do Estado, em decorr\u00eancia da Covid-19.<\/p>\n\n\n\n<p>Tamb\u00e9m foi considerada, para a decis\u00e3o, a experi\u00eancia exitosa de in\u00fameras Institui\u00e7\u00f5es de Ensino Superior do Pa\u00eds, no decorrer deste ano, com o uso de sistemas de elei\u00e7\u00e3o on-line, notadamente o Helios Voting.<\/p>\n","protected":false},"excerpt":{"rendered":"<p>O Conselho Universit\u00e1rio (Consuni) da Universidade Estadual da Para\u00edba (UEPB) aprovou, por unanimidade, em reuni\u00e3o virtual realizada na tarde desta quinta-feira (3), a realiza\u00e7\u00e3o de&hellip; <\/p>\n","protected":false},"author":2,"featured_media":186873,"comment_status":"closed","ping_status":"closed","sticky":false,"template":"","format":"standard","meta":{"sfsi_plus_gutenberg_text_before_share":"","sfsi_plus_gutenberg_show_text_before_share":"","sfsi_plus_gutenberg_icon_type":"","sfsi_plus_gutenberg_icon_alignemt":"","sfsi_plus_gutenburg_max_per_row":"","footnotes":""},"categories":[50,14],"tags":[],"class_list":["post-186872","post","type-post","status-publish","format-standard","has-post-thumbnail","hentry","category-destaque","category-educacao"],"_links":{"self":[{"href":"https:\/\/www.caririemacao.com\/1\/wp-json\/wp\/v2\/posts\/186872","targetHints":{"allow":["GET"]}}],"collection":[{"href":"https:\/\/www.caririemacao.com\/1\/wp-json\/wp\/v2\/posts"}],"about":[{"href":"https:\/\/www.caririemacao.com\/1\/wp-json\/wp\/v2\/types\/post"}],"author":[{"embeddable":true,"href":"https:\/\/www.caririemacao.com\/1\/wp-json\/wp\/v2\/users\/2"}],"replies":[{"embeddable":true,"href":"https:\/\/www.caririemacao.com\/1\/wp-json\/wp\/v2\/comments?post=186872"}],"version-history":[{"count":1,"href":"https:\/\/www.caririemacao.com\/1\/wp-json\/wp\/v2\/posts\/186872\/revisions"}],"predecessor-version":[{"id":186874,"href":"https:\/\/www.caririemacao.com\/1\/wp-json\/wp\/v2\/posts\/186872\/revisions\/186874"}],"wp:featuredmedia":[{"embeddable":true,"href":"https:\/\/www.caririemacao.com\/1\/wp-json\/wp\/v2\/media\/186873"}],"wp:attachment":[{"href":"https:\/\/www.caririemacao.com\/1\/wp-json\/wp\/v2\/media?parent=186872"}],"wp:term":[{"taxonomy":"category","embeddable":true,"href":"https:\/\/www.caririemacao.com\/1\/wp-json\/wp\/v2\/categories?post=186872"},{"taxonomy":"post_tag","embeddable":true,"href":"https:\/\/www.caririemacao.com\/1\/wp-json\/wp\/v2\/tags?post=186872"}],"curies":[{"name":"wp","href":"https:\/\/api.w.org\/{rel}","templated":true}]}}