{"id":186880,"date":"2020-09-04T08:14:18","date_gmt":"2020-09-04T11:14:18","guid":{"rendered":"https:\/\/www.caririemacao.com\/1\/?p=186880"},"modified":"2020-09-04T08:14:18","modified_gmt":"2020-09-04T11:14:18","slug":"internacional-e-palmeiras-marcam-nos-acrescimos-no-allianz-parque","status":"publish","type":"post","link":"https:\/\/www.caririemacao.com\/1\/2020\/09\/04\/internacional-e-palmeiras-marcam-nos-acrescimos-no-allianz-parque\/","title":{"rendered":"Internacional e Palmeiras marcam nos acr\u00e9scimos no Allianz Parque"},"content":{"rendered":"\n<h1 class=\"wp-block-heading\"><\/h1>\n\n\n\n<p>O time ga\u00facho abriu o placar aos 47 minutos da etapa final, em um p\u00eanalti anotado com a ajuda do \u00e1rbitro de v\u00eddeo e cobrado por Galhardo. Aos 49, o zagueiro alviverde G\u00f3mez foi \u00e0 \u00e1rea e cruzou para Luiz Adriano definir o marcador de cabe\u00e7a.<\/p>\n\n\n\n<p>Com 16 pontos, o Internacional continuou na lideran\u00e7a do Campeonato Brasileiro. O Palmeiras, com dez e um jogo a menos do que o primeiro colocado, est\u00e1 na s\u00e9tima coloca\u00e7\u00e3o.<\/p>\n\n\n\n<p>O Internacional teve o dom\u00ednio da posse de bola em um primeiro tempo que n\u00e3o teve oportunidades claras de gol. Mesmo com um time bastante remodelado, a equipe colorada conseguiu controlas as a\u00e7\u00f5es, embora n\u00e3o tenha criado nenhuma chance mais clara.<\/p>\n\n\n\n<p>O Palmeiras teve seu \u00fanico momento em um chute de fora da \u00e1rea de Vi\u00f1a. J\u00e1 os visitantes apareceram bem em uma tentativa de bicicleta de Patrick, por\u00e9m o placar zerado foi um bom retrato do que se apresentou at\u00e9 o intervalo.<\/p>\n\n\n\n<p>Na etapa final, os dois treinadores fizeram v\u00e1rias altera\u00e7\u00f5es. Eduardo Coudet acionou alguns de seus habituais titulares, como Eden\u00edlson, Galhardo e Boschilia. Vanderlei Luxemburgo p\u00f4s em campo Rony, Ramires, Willian, Diogo Barbosa e Wesley.<\/p>\n\n\n\n<p>Nada foi suficiente para tirar o zero do placar. O Internacional desperdi\u00e7ou o que se desenhava como um \u00f3timo contragolpe. Do outro lado, G\u00f3mez errou por pouco um cabeceio. Mas o marcador s\u00f3 foi mexido nos acr\u00e9scimos.<\/p>\n\n\n\n<p>Wilton Pereira Sampaio, ap\u00f3s consulta ao v\u00eddeo, marcou p\u00eanalti em toque no bra\u00e7o de Luan. Galhardo bateu bem, apesar da contesta\u00e7\u00e3o dos alviverdes. Em seguida, o Palmeiras foi ao ataque e conseguiu evitar a derrota.<\/p>\n\n\n\n<p>PALMEIRAS<br>Weverton; Mayke, Luan, Gustavo G\u00f3mez e Vi\u00f1a (Diogo Barbosa); Patrick de Paula e Bruno Henrique (Wesley); Z\u00e9 Rafael (Ramires), Lucas Lima (Willian) e Gabriel Menino (Rony); Luiz Adriano. T.: Vanderlei Luxemburgo<\/p>\n\n\n\n<p>INTERNACIONAL<br>Marcelo Lomba; Rodinei, Cuesta, Moledo e Mois\u00e9s; Johnny (Jussa), Nonato (D\u2019Alessandro), Praxedes (Eden\u00edlson) e Patrick (Boschilla); Marcos Guilherme (Galhardo) e Sarrafiore. T.: Eduardo Coudet<\/p>\n\n\n\n<p>Est\u00e1dio: Allianz Parque, em S\u00e3o Paulo (SP)<br>\u00c1rbitro: Wilton Pereira Sampaio (GO)<br>VAR: Elmo Alves Resende Cunha (GO)<br>Cart\u00f5es amarelos: Vi\u00f1a, Luan e Lucas Lima (PAL); Moledo, Praxedes, Nonato, Cuesta e Jussa (INT)<br>Gols: Galhardo (INT), aos 46min, e Luiz Adriano (PAL), aos 48min do 2\u00baT<\/p>\n","protected":false},"excerpt":{"rendered":"<p>O time ga\u00facho abriu o placar aos 47 minutos da etapa final, em um p\u00eanalti anotado com a ajuda do \u00e1rbitro de v\u00eddeo e cobrado&hellip; <\/p>\n","protected":false},"author":2,"featured_media":186881,"comment_status":"closed","ping_status":"closed","sticky":false,"template":"","format":"standard","meta":{"sfsi_plus_gutenberg_text_before_share":"","sfsi_plus_gutenberg_show_text_before_share":"","sfsi_plus_gutenberg_icon_type":"","sfsi_plus_gutenberg_icon_alignemt":"","sfsi_plus_gutenburg_max_per_row":"","footnotes":""},"categories":[50,13],"tags":[],"class_list":["post-186880","post","type-post","status-publish","format-standard","has-post-thumbnail","hentry","category-destaque","category-esportes"],"_links":{"self":[{"href":"https:\/\/www.caririemacao.com\/1\/wp-json\/wp\/v2\/posts\/186880","targetHints":{"allow":["GET"]}}],"collection":[{"href":"https:\/\/www.caririemacao.com\/1\/wp-json\/wp\/v2\/posts"}],"about":[{"href":"https:\/\/www.caririemacao.com\/1\/wp-json\/wp\/v2\/types\/post"}],"author":[{"embeddable":true,"href":"https:\/\/www.caririemacao.com\/1\/wp-json\/wp\/v2\/users\/2"}],"replies":[{"embeddable":true,"href":"https:\/\/www.caririemacao.com\/1\/wp-json\/wp\/v2\/comments?post=186880"}],"version-history":[{"count":1,"href":"https:\/\/www.caririemacao.com\/1\/wp-json\/wp\/v2\/posts\/186880\/revisions"}],"predecessor-version":[{"id":186882,"href":"https:\/\/www.caririemacao.com\/1\/wp-json\/wp\/v2\/posts\/186880\/revisions\/186882"}],"wp:featuredmedia":[{"embeddable":true,"href":"https:\/\/www.caririemacao.com\/1\/wp-json\/wp\/v2\/media\/186881"}],"wp:attachment":[{"href":"https:\/\/www.caririemacao.com\/1\/wp-json\/wp\/v2\/media?parent=186880"}],"wp:term":[{"taxonomy":"category","embeddable":true,"href":"https:\/\/www.caririemacao.com\/1\/wp-json\/wp\/v2\/categories?post=186880"},{"taxonomy":"post_tag","embeddable":true,"href":"https:\/\/www.caririemacao.com\/1\/wp-json\/wp\/v2\/tags?post=186880"}],"curies":[{"name":"wp","href":"https:\/\/api.w.org\/{rel}","templated":true}]}}