{"id":186884,"date":"2020-09-04T08:20:19","date_gmt":"2020-09-04T11:20:19","guid":{"rendered":"https:\/\/www.caririemacao.com\/1\/?p=186884"},"modified":"2020-09-04T08:20:19","modified_gmt":"2020-09-04T11:20:19","slug":"justica-da-paraiba-decide-que-atraso-de-voo-por-tempo-excessivo-gera-indenizacao-de-r-10-mil-por-dano-moral","status":"publish","type":"post","link":"https:\/\/www.caririemacao.com\/1\/2020\/09\/04\/justica-da-paraiba-decide-que-atraso-de-voo-por-tempo-excessivo-gera-indenizacao-de-r-10-mil-por-dano-moral\/","title":{"rendered":"Justi\u00e7a da Para\u00edba decide que atraso de voo por tempo excessivo gera indeniza\u00e7\u00e3o de R$ 10 mil por dano moral"},"content":{"rendered":"\n<h1 class=\"wp-block-heading\"><\/h1>\n\n\n\n<p>&#8220;O atraso do voo por tempo excessivo \u00e9 situa\u00e7\u00e3o de indiscut\u00edvel desconforto e afli\u00e7\u00e3o a gerar dano moral indeniz\u00e1vel&#8221;. Com esse entendimento, a Segunda C\u00e2mara Especializada C\u00edvel do Tribunal de Justi\u00e7a da Para\u00edba manteve a senten\u00e7a do ju\u00edzo da 17\u00aa Vara C\u00edvel da Comarca da Capital, pela qual a empresa TAM Linhas A\u00e9reas S\/A foi condenada a pagar, a t\u00edtulo de indeniza\u00e7\u00e3o por danos morais, o valor de R$ 10 mil, decorrente do atraso de voo.<\/p>\n\n\n\n<p>A empresa alegou que, no dia do voo, ocorreu um problema de restri\u00e7\u00e3o de solo e que tomou todas as provid\u00eancias necess\u00e1rias para efetivar o transporte do passageiro da melhor forma poss\u00edvel. Sustentou que os fatos narrados constituem meros aborrecimentos, n\u00e3o configurando dano moral pass\u00edvel de indeniza\u00e7\u00e3o, pleiteando, eventualmente, a redu\u00e7\u00e3o do quantum indenizat\u00f3rio arbitrado na senten\u00e7a. O relator do processo n\u00ba 0062432-87.2014.8.15.2001 foi o desembargador Abraham Lincoln da Cunha Ramos.<\/p>\n\n\n\n<p>De acordo com o relator, restou comprovado o fato gerador do dano moral, qual seja, o atraso nos voos, confessado pela pr\u00f3pria empresa. &#8220;Da falha na presta\u00e7\u00e3o do servi\u00e7o, resta configurada a responsabilidade da empresa a\u00e9rea para a repara\u00e7\u00e3o do dano moral causado, quando n\u00e3o provado excludente de responsabilidade&#8221;, pontuou.<\/p>\n\n\n\n<p>O desembargador considerou totalmente incab\u00edvel a tese defendida pela empresa de que os fatos narrados s\u00e3o insuficientes para caracterizar dano moral, constituindo meros aborrecimentos, impass\u00edveis de ressarcimento. &#8220;Evidenciados, portanto, o dano, o nexo de causalidade e o defeito na presta\u00e7\u00e3o do servi\u00e7o (ato il\u00edcito), n\u00e3o se vislumbrando a ocorr\u00eancia de caso fortuito ou for\u00e7a maior, de modo a eximir a empresa a\u00e9rea da sua responsabilidade objetiva&#8221;, observou.<\/p>\n\n\n\n<p>Da decis\u00e3o cabe recurso.<\/p>\n","protected":false},"excerpt":{"rendered":"<p>&#8220;O atraso do voo por tempo excessivo \u00e9 situa\u00e7\u00e3o de indiscut\u00edvel desconforto e afli\u00e7\u00e3o a gerar dano moral indeniz\u00e1vel&#8221;. Com esse entendimento, a Segunda C\u00e2mara&hellip; <\/p>\n","protected":false},"author":2,"featured_media":186885,"comment_status":"closed","ping_status":"closed","sticky":false,"template":"","format":"standard","meta":{"sfsi_plus_gutenberg_text_before_share":"","sfsi_plus_gutenberg_show_text_before_share":"","sfsi_plus_gutenberg_icon_type":"","sfsi_plus_gutenberg_icon_alignemt":"","sfsi_plus_gutenburg_max_per_row":"","footnotes":""},"categories":[50,2],"tags":[],"class_list":["post-186884","post","type-post","status-publish","format-standard","has-post-thumbnail","hentry","category-destaque","category-geral"],"_links":{"self":[{"href":"https:\/\/www.caririemacao.com\/1\/wp-json\/wp\/v2\/posts\/186884","targetHints":{"allow":["GET"]}}],"collection":[{"href":"https:\/\/www.caririemacao.com\/1\/wp-json\/wp\/v2\/posts"}],"about":[{"href":"https:\/\/www.caririemacao.com\/1\/wp-json\/wp\/v2\/types\/post"}],"author":[{"embeddable":true,"href":"https:\/\/www.caririemacao.com\/1\/wp-json\/wp\/v2\/users\/2"}],"replies":[{"embeddable":true,"href":"https:\/\/www.caririemacao.com\/1\/wp-json\/wp\/v2\/comments?post=186884"}],"version-history":[{"count":1,"href":"https:\/\/www.caririemacao.com\/1\/wp-json\/wp\/v2\/posts\/186884\/revisions"}],"predecessor-version":[{"id":186886,"href":"https:\/\/www.caririemacao.com\/1\/wp-json\/wp\/v2\/posts\/186884\/revisions\/186886"}],"wp:featuredmedia":[{"embeddable":true,"href":"https:\/\/www.caririemacao.com\/1\/wp-json\/wp\/v2\/media\/186885"}],"wp:attachment":[{"href":"https:\/\/www.caririemacao.com\/1\/wp-json\/wp\/v2\/media?parent=186884"}],"wp:term":[{"taxonomy":"category","embeddable":true,"href":"https:\/\/www.caririemacao.com\/1\/wp-json\/wp\/v2\/categories?post=186884"},{"taxonomy":"post_tag","embeddable":true,"href":"https:\/\/www.caririemacao.com\/1\/wp-json\/wp\/v2\/tags?post=186884"}],"curies":[{"name":"wp","href":"https:\/\/api.w.org\/{rel}","templated":true}]}}