{"id":186888,"date":"2020-09-04T08:23:05","date_gmt":"2020-09-04T11:23:05","guid":{"rendered":"https:\/\/www.caririemacao.com\/1\/?p=186888"},"modified":"2020-09-04T08:23:05","modified_gmt":"2020-09-04T11:23:05","slug":"paraiba-confirma-798-novos-casos-de-covid-19-em-24h-total-de-mortos-chega-a-2-501%e2%80%8b-e-108-182%e2%80%8b-infectados%e2%80%8b%e2%80%8b","status":"publish","type":"post","link":"https:\/\/www.caririemacao.com\/1\/2020\/09\/04\/paraiba-confirma-798-novos-casos-de-covid-19-em-24h-total-de-mortos-chega-a-2-501%e2%80%8b-e-108-182%e2%80%8b-infectados%e2%80%8b%e2%80%8b\/","title":{"rendered":"Para\u00edba confirma 798 novos casos de Covid-19 em 24h; total de mortos chega a 2.501\u200b e 108.182\u200b infectados\u200b\u200b"},"content":{"rendered":"\n<h1 class=\"wp-block-heading\"><\/h1>\n\n\n\n<p>A Para\u00edba registrou 798 novos casos de Covid-19 e 18 \u00f3bitos confirmados desde a \u00faltima atualiza\u00e7\u00e3o, 08 deles ocorridos nas \u00faltimas 24h. De acordo com o boletim epidemiol\u00f3gico da Secretaria de Estado da Sa\u00fade divulgado nesta quinta-feira (3), 108.182 pessoas j\u00e1 contra\u00edram a doen\u00e7a, 78.720 j\u00e1 se recuperaram e 2.501, infelizmente, faleceram. At\u00e9 o momento, 323.713 testes para diagn\u00f3stico da Covid-19 j\u00e1 foram realizados.&nbsp;<\/p>\n\n\n\n<ul class=\"wp-block-list\"><li>Casos Confirmados: 108.182<\/li><li>Casos Descartados: 139.223<\/li><li>\u00d3bitos confirmados: 2.501<\/li><li>Casos recuperados: 78.720<\/li><li>Total de munic\u00edpios: 223<\/li><\/ul>\n\n\n\n<p>A ocupa\u00e7\u00e3o total de leitos de UTI (adulto, pedi\u00e1trico e obst\u00e9trico) em todo o estado \u00e9 de 35%. Fazendo um recorte apenas dos leitos de UTI para adultos na Regi\u00e3o Metropolitana de Jo\u00e3o Pessoa, a taxa de ocupa\u00e7\u00e3o chega a 35%. Em Campina Grande est\u00e3o ocupados 34% dos leitos de UTI adulto e no sert\u00e3o 41% dos leitos de UTI para adultos.<\/p>\n\n\n\n<p>Os casos confirmados est\u00e3o distribu\u00eddos por todos os 223 munic\u00edpios paraibanos:<br>\u00c1gua Branca (55); Aguiar (23); Alagoa Grande (1097); Alagoa Nova (321); Alagoinha (970); Alcantil (65); Algod\u00e3o de Janda\u00edra (20); Alhandra (642); Amparo (17); Aparecida (98); Ara\u00e7agi (500); Arara (224); Araruna (247); Areia (460); Areia de Bara\u00fanas (11); Areial (51); Aroeiras (215); Assun\u00e7\u00e3o (45); Baia da Trai\u00e7\u00e3o (643); Bananeiras (375); Bara\u00fana (139); Barra de Santa Rosa (82); Barra de Santana (104); Barra de S\u00e3o Miguel (60); Bayeux (1792); Bel\u00e9m (1064); Bel\u00e9m do Brejo do Cruz (55); Bernardino Batista (15); Boa Ventura (9); Boa Vista (115); Bom Jesus (23); Bom Sucesso (23); Bonito de Santa F\u00e9 (68); Boqueir\u00e3o (388); Borborema (43); Brejo do Cruz (442); Brejo dos Santos (57); Caapor\u00e3 (965); Cabaceiras (82); Cabedelo (2790); Cachoeira dos \u00cdndios (100); Cacimba de Areia (9); Cacimba de Dentro (322); Cacimbas (47); Cai\u00e7ara (445); Cajazeiras (1692); Cajazeirinhas (34); Caldas Brand\u00e3o (315); Camala\u00fa (23); Campina Grande (12403); Capim (152); Cara\u00fabas (43); Carrapateira (52); Casserengue (365); Catingueira (20), Catol\u00e9 do Rocha (506); Caturit\u00e9 (102); Concei\u00e7\u00e3o (584); Condado (147); Conde (785); Congo (91); Coremas (144); Coxixola (35); Cruz do Esp\u00edrito Santo (286); Cubati (78); Cuit\u00e9 (272); Cuit\u00e9 de Mamanguape (128); Cuiteg\u00ed (387); Curral de Cima (32); Curral Velho (3), Dami\u00e3o (40); Desterro (60); Diamante (251); Dona In\u00eas (104); Duas Estradas (84); Emas (53); Esperan\u00e7a (513); Fagundes (111); Frei Martinho (19); Gado Bravo (101); Guarabira (4195); Gurinh\u00e9m (442); Gurj\u00e3o (32); Ibiara (118); Igaracy (12); Imaculada (62); Ing\u00e1 (1378); Itabaiana (1095); Itaporanga (400); Itapororoca (870); Itatuba (345); Jacara\u00fa (312); Jeric\u00f3 (37); Jo\u00e3o Pessoa (27269); Joca Claudino (19); Juarez T\u00e1vora (429); Juazeirinho (229); Junco do Serid\u00f3 (85); Juripiranga (499); Juru (163); Lagoa (6); Lagoa de Dentro (140); Lagoa Seca (712); Lastro (25); Livramento (108); Logradouro (156); Lucena (456); M\u00e3e d&#8217;\u00c1gua (19); Malta (112); Mamanguape (2271); Mana\u00edra (13); Marca\u00e7\u00e3o (406); Mari (1164); Mariz\u00f3polis (35); Massaranduba (340); Mataraca (215); Matinhas (72); Mato Grosso (17); Matureia (41); Mogeiro (229); Montadas (52); Monte Horebe (39); Monteiro (582); Mulungu (407); Natuba (67); Nazarezinho (47); Nova Floresta (87), Nova Olinda (15); Nova Palmeira (82); Olho D\u00b4\u00c1gua (42); Olivedos (111); Ouro Velho (3);&nbsp; Parari (6); Passagem (30); Patos (3639); Paulista (279); Pedra Branca (5); Pedra Lavrada (41); Pedras de Fogo (1308); Pedro R\u00e9gis (65); Pianc\u00f3 (189); Picu\u00ed (292); Pilar (448); Pil\u00f5es (132); Pil\u00f5ezinhos (321); Pirpirituba (322); Pitimbu (619); Pocinhos (205);&nbsp; Po\u00e7o Dantas (21); Po\u00e7o de Jos\u00e9 Moura (30); Pombal (598); Prata (9); Princesa Isabel (111); Puxinan\u00e3 (295);&nbsp; Queimadas (1239); Quixaba (35); Rem\u00edgio (255); Riach\u00e3o (78); Riach\u00e3o do Bacamarte (235);&nbsp; Riach\u00e3o do Po\u00e7o (94); Riacho de Santo Ant\u00f4nio (30); Riacho dos Cavalos (20); Rio Tinto (1118); Salgadinho (31); Salgado de S\u00e3o Felix (261); Santa Cec\u00edlia (82); Santa Cruz (61); Santa Helena (19); Santa In\u00eas (71);&nbsp; Santa Luzia (265); Santa Rita (3127); Santa Terezinha (57); Santana de Mangueira (18); Santana dos Garrotes (22); Santo Andr\u00e9 (14); S\u00e3o Bentinho (69); S\u00e3o Bento (2158); S\u00e3o Domingos (11); S\u00e3o Domingos do Cariri (64);&nbsp; S\u00e3o Francisco (34);&nbsp; S\u00e3o Jo\u00e3o do Cariri (108); S\u00e3o Jo\u00e3o do Rio do Peixe (326); S\u00e3o Jo\u00e3o do Tigre (17); S\u00e3o Jos\u00e9 da Lagoa Tapada (61); S\u00e3o Jos\u00e9 de Caiana (50); S\u00e3o Jos\u00e9 de Espinharas (68); S\u00e3o Jos\u00e9 de Piranhas (215); S\u00e3o Jos\u00e9 de Princesa (6); S\u00e3o Jos\u00e9 do Bonfim (60); S\u00e3o Jos\u00e9 do Brejo do Cruz (16); S\u00e3o Jos\u00e9 do Sabugi (253); S\u00e3o Jos\u00e9 dos Cordeiros (45); S\u00e3o Jos\u00e9 dos Ramos (257); S\u00e3o Mamede (52); S\u00e3o Miguel de Taipu (145); S\u00e3o Sebasti\u00e3o de Lagoa de Ro\u00e7a (254); S\u00e3o Sebasti\u00e3o do Umbuzeiro (20); S\u00e3o Vicente do Serid\u00f3 (49); Sap\u00e9 (1128); Serra Branca (195); Serra da Ra\u00edz (50); Serra Grande (15); Serra Redonda (267); Serraria (170); Sert\u00e3ozinho (302); Sobrado (190); Sol\u00e2nea (679); Soledade (186); Sossego (15), Sousa (1861); Sum\u00e9 (266); Tacima (124); Tapero\u00e1 (107); Tavares (166); Teixeira (179); Ten\u00f3rio (32); Triunfo (86); Uira\u00fana (175); Umbuzeiro (78); V\u00e1rzea (19); Vieir\u00f3polis (9); Vista Serrana (20), Zabel\u00ea (33).<\/p>\n\n\n\n<p>*Dados oficiais preliminares (fonte: SIM, e-sus VE e SIVEP) extra\u00eddos \u00e0s 10h do dia 03\/09, sujeitos a altera\u00e7\u00e3o por parte dos munic\u00edpios.<\/p>\n\n\n\n<p>At\u00e9 hoje, 156 cidades registraram \u00f3bitos por Covid-19. Os 18 \u00f3bitos registrados nesta quinta ocorreram entre 18 de maio e 03 de setembro, 08 deles nas \u00faltimas 24 horas, entre residentes de 13 munic\u00edpios. Os pacientes tinham idade entre 55 e 90 anos, sendo 03 deles com menos de 65 anos. Diabetes e hipertens\u00e3o foram as comorbidades mais frequentes. Dos locais, dois ocorreram em hospitais privados e os demais em hospitais p\u00fablicos.<\/p>\n\n\n\n<p>Homem, 69 anos, residente em Guarabira. Hipertenso e diab\u00e9tico. In\u00edcio dos sintomas em 27\/07\/2020. Foi a \u00f3bito em hospital p\u00fablico no dia 03\/09\/2020.<\/p>\n\n\n\n<p>Homem, 59 anos, residente em Bayeux. Cardiopata. In\u00edcio dos sintomas em 21\/08\/2020. Foi a \u00f3bito em hospital p\u00fablico no dia 03\/09\/2020.&nbsp;<\/p>\n\n\n\n<p>Mulher, 55 anos, residente em Sousa. Cardiopata. In\u00edcio dos sintomas em 22\/08\/2020. Foi a \u00f3bito em hospital p\u00fablico no dia 03\/09\/2020.<\/p>\n\n\n\n<p>Mulher, 82 anos, residente em Igaracy. Comorbidade n\u00e3o informada. In\u00edcio dos sintomas em 26\/08\/2020. Foi a \u00f3bito em hospital p\u00fablico no dia 02\/09\/2020.<\/p>\n\n\n\n<p>Mulher, 81 anos, residente em Jo\u00e3o Pessoa. Hipertensa, diab\u00e9tica, portadora de doen\u00e7a respirat\u00f3ria. In\u00edcio dos sintomas em 10\/08\/2020. Foi a \u00f3bito em hospital privado no dia 02\/09\/2020.<\/p>\n\n\n\n<p>Homem, 77 anos, residente em Patos. Hipertenso, ex-tabagista e sequelado de AVE. In\u00edcio dos sintomas em 24\/08\/2020. Foi a \u00f3bito em hospital p\u00fablico no dia 02\/09\/2020.&nbsp;<\/p>\n\n\n\n<p>Homem, 69 anos, residente em Sap\u00e9. Cardiopata. In\u00edcio dos sintomas em 20\/08\/2020. Foi a \u00f3bito em hospital p\u00fablico no dia 02\/09\/2020.<\/p>\n\n\n\n<p>Homem, 65 anos, residente em Jo\u00e3o Pessoa. Sem comorbidades. In\u00edcio dos sintomas em 31\/07\/2020. Foi a \u00f3bito em hospital privado no dia 02\/09\/2020.<\/p>\n\n\n\n<p>Homem, 69 anos, residente em Itaporanga. Portador de neoplasia. In\u00edcio dos sintomas em 21\/08\/2020. Foi a \u00f3bito em hospital p\u00fablico no dia 31\/08\/2020.&nbsp;<\/p>\n\n\n\n<p>Homem, 56 anos, residente em Sap\u00e9. Hipertenso e diab\u00e9tico. In\u00edcio dos sintomas em 24\/07\/2020. Foi a \u00f3bito em hospital p\u00fablico no dia 27\/08\/2020.<\/p>\n\n\n\n<p>Homem, 81 anos, residente em Serra Branca. Comorbidade n\u00e3o informada. In\u00edcio dos sintomas em 21\/08\/2020. Foi a \u00f3bito em hospital p\u00fablico no dia 26\/08\/2020.<\/p>\n\n\n\n<p>Mulher, 71 anos, residente em Itatuba. Imunossuprimida. In\u00edcio dos sintomas em 15\/08\/2020. Foi a \u00f3bito em hospital p\u00fablico no dia 26\/08\/2020.<\/p>\n\n\n\n<p>Homem, 72 anos, residente em Campina Grande. Diab\u00e9tico. In\u00edcio dos sintomas em 12\/08\/2020. Foi a \u00f3bito em hospital p\u00fablico no dia 18\/08\/2020.<\/p>\n\n\n\n<p>Homem, 71 anos, residente em S\u00e3o Jos\u00e9 de Espinharas. Hipertenso e diab\u00e9tico. In\u00edcio dos sintomas em 07\/08\/2020. Foi a \u00f3bito em hospital p\u00fablico no dia 16\/08\/2020.<\/p>\n\n\n\n<p>Homem, 90 anos, residente em Logradouro. Comorbidade n\u00e3o informada. In\u00edcio dos sintomas em 22\/06\/2020. Foi a \u00f3bito em hospital p\u00fablico no dia 02\/09\/2020.<\/p>\n\n\n\n<p>Mulher, 65 anos, residente em Campina Grande. Comorbidade n\u00e3o informada. In\u00edcio dos sintomas em 17\/05\/2020. Foi a \u00f3bito em hospital p\u00fablico no dia 19\/06\/2020.<\/p>\n\n\n\n<p>Mulher, 80 anos, residente em Campina Grande. Sem comorbidade. In\u00edcio dos sintomas em 26\/05\/2020. Foi a \u00f3bito em hospital p\u00fablico no dia 03\/06\/2020.<\/p>\n\n\n\n<p>Mulher, 90 anos, residente em Campina Grande. Cardiopata, obesa, portadora de doen\u00e7a neurol\u00f3gica e doen\u00e7a renal. In\u00edcio dos sintomas em 06\/05\/2020. Foi a \u00f3bito em hospital p\u00fablico no dia 18\/06\/2020.<\/p>\n","protected":false},"excerpt":{"rendered":"<p>A Para\u00edba registrou 798 novos casos de Covid-19 e 18 \u00f3bitos confirmados desde a \u00faltima atualiza\u00e7\u00e3o, 08 deles ocorridos nas \u00faltimas 24h. De acordo com&hellip; <\/p>\n","protected":false},"author":2,"featured_media":186889,"comment_status":"closed","ping_status":"closed","sticky":false,"template":"","format":"standard","meta":{"sfsi_plus_gutenberg_text_before_share":"","sfsi_plus_gutenberg_show_text_before_share":"","sfsi_plus_gutenberg_icon_type":"","sfsi_plus_gutenberg_icon_alignemt":"","sfsi_plus_gutenburg_max_per_row":"","footnotes":""},"categories":[16],"tags":[],"class_list":["post-186888","post","type-post","status-publish","format-standard","has-post-thumbnail","hentry","category-saude"],"_links":{"self":[{"href":"https:\/\/www.caririemacao.com\/1\/wp-json\/wp\/v2\/posts\/186888","targetHints":{"allow":["GET"]}}],"collection":[{"href":"https:\/\/www.caririemacao.com\/1\/wp-json\/wp\/v2\/posts"}],"about":[{"href":"https:\/\/www.caririemacao.com\/1\/wp-json\/wp\/v2\/types\/post"}],"author":[{"embeddable":true,"href":"https:\/\/www.caririemacao.com\/1\/wp-json\/wp\/v2\/users\/2"}],"replies":[{"embeddable":true,"href":"https:\/\/www.caririemacao.com\/1\/wp-json\/wp\/v2\/comments?post=186888"}],"version-history":[{"count":1,"href":"https:\/\/www.caririemacao.com\/1\/wp-json\/wp\/v2\/posts\/186888\/revisions"}],"predecessor-version":[{"id":186890,"href":"https:\/\/www.caririemacao.com\/1\/wp-json\/wp\/v2\/posts\/186888\/revisions\/186890"}],"wp:featuredmedia":[{"embeddable":true,"href":"https:\/\/www.caririemacao.com\/1\/wp-json\/wp\/v2\/media\/186889"}],"wp:attachment":[{"href":"https:\/\/www.caririemacao.com\/1\/wp-json\/wp\/v2\/media?parent=186888"}],"wp:term":[{"taxonomy":"category","embeddable":true,"href":"https:\/\/www.caririemacao.com\/1\/wp-json\/wp\/v2\/categories?post=186888"},{"taxonomy":"post_tag","embeddable":true,"href":"https:\/\/www.caririemacao.com\/1\/wp-json\/wp\/v2\/tags?post=186888"}],"curies":[{"name":"wp","href":"https:\/\/api.w.org\/{rel}","templated":true}]}}