{"id":186892,"date":"2020-09-04T08:27:37","date_gmt":"2020-09-04T11:27:37","guid":{"rendered":"https:\/\/www.caririemacao.com\/1\/?p=186892"},"modified":"2020-09-04T08:27:37","modified_gmt":"2020-09-04T11:27:37","slug":"brasil-registra-mais-830-mortes-e-pais-passa-dos-124-mil-obitos-pela-covid-19","status":"publish","type":"post","link":"https:\/\/www.caririemacao.com\/1\/2020\/09\/04\/brasil-registra-mais-830-mortes-e-pais-passa-dos-124-mil-obitos-pela-covid-19\/","title":{"rendered":"Brasil registra mais 830 mortes e pa\u00eds passa dos 124 mil \u00f3bitos pela Covid-19"},"content":{"rendered":"\n<h1 class=\"wp-block-heading\"><\/h1>\n\n\n\n<p>Os dados s\u00e3o fruto de colabora\u00e7\u00e3o in\u00e9dita entre Folha de S.Paulo, UOL, O Estado de S. Paulo, Extra, O Globo e G1 para reunir e divulgar os n\u00fameros relativos \u00e0 pandemia do novo coronav\u00edrus. As informa\u00e7\u00f5es s\u00e3o coletadas diretamente com as Secretarias de Sa\u00fade estaduais. O balan\u00e7o \u00e9 fechado diariamente \u00e0s 20h.<\/p>\n\n\n\n<p>O jornal Folha de S.Paulo tamb\u00e9m divulga a chamada m\u00e9dia m\u00f3vel. O recurso estat\u00edstico busca dar uma vis\u00e3o melhor da evolu\u00e7\u00e3o da doen\u00e7a, pois atenua n\u00fameros isolados que fujam do padr\u00e3o. A m\u00e9dia m\u00f3vel \u00e9 calculada somando o resultado dos \u00faltimos sete dias, dividindo por sete.<\/p>\n\n\n\n<p>De acordo com os dados coletados at\u00e9 as 20h, a m\u00e9dia de mortes nos \u00faltimos sete dias \u00e9 de 858, o que mant\u00e9m uma posi\u00e7\u00e3o de estabilidade nos dados, embora com n\u00fameros elevados.<\/p>\n\n\n\n<p>O Brasil tem uma taxa de cerca de 59,5 mortos por 100 mil habitantes. Os Estados Unidos, que t\u00eam o maior n\u00famero absoluto de mortos, e o Reino Unido, ambos \u00e0 frente do Brasil na pandemia (ou seja, come\u00e7aram a sofrer com o problema antes), t\u00eam 57,1 e 62,6 mortos para cada 100 mil habitantes, respectivamente.<\/p>\n\n\n\n<p>O M\u00e9xico, que ultrapassou o Reino Unido em n\u00famero de mortos, tem 52,2 mortes para cada 100 mil habitantes. A \u00cdndia, com 67.376 \u00f3bitos, tamb\u00e9m passou o Reino Unido em mortos pela Covid-19.<\/p>\n\n\n\n<p>Na Argentina, onde a pandemia desembarcou nove dias mais tarde que no Brasil e que seguiu uma quarentena muito mais r\u00edgida, o \u00edndice \u00e9 de 20,6 mortes por 100 mil habitantes.<\/p>\n\n\n\n<p>Dados do Minist\u00e9rio da Sa\u00fade divulgados nesta quinta-feira (3) apontam 43.773 novos casos de Covid-19 confirmados nas \u00faltimas 24h, com 834 novas mortes.<\/p>\n\n\n\n<p>Com isso, o total registrado no balan\u00e7o federal desde o in\u00edcio da epidemia j\u00e1 chega a 4.041.638 casos, com 124.614 \u00f3bitos.<\/p>\n\n\n\n<p>Ao contr\u00e1rio dos dias anteriores, a pasta n\u00e3o divulgou o total de mortes em investiga\u00e7\u00e3o. At\u00e9 esta quarta (2), eram 2.658.<\/p>\n\n\n\n<p>A iniciativa do cons\u00f3rcio de ve\u00edculos de imprensa ocorre em resposta \u00e0s atitudes do governo Jair Bolsonaro (sem partido), que amea\u00e7ou sonegar dados, atrasou boletins sobre a doen\u00e7a e tirou informa\u00e7\u00f5es do ar, com a interrup\u00e7\u00e3o da divulga\u00e7\u00e3o dos totais de casos e mortes. Al\u00e9m disso, o governo divulgou dados conflitantes.<\/p>\n","protected":false},"excerpt":{"rendered":"<p>Os dados s\u00e3o fruto de colabora\u00e7\u00e3o in\u00e9dita entre Folha de S.Paulo, UOL, O Estado de S. Paulo, Extra, O Globo e G1 para reunir e&hellip; <\/p>\n","protected":false},"author":2,"featured_media":186893,"comment_status":"closed","ping_status":"closed","sticky":false,"template":"","format":"standard","meta":{"sfsi_plus_gutenberg_text_before_share":"","sfsi_plus_gutenberg_show_text_before_share":"","sfsi_plus_gutenberg_icon_type":"","sfsi_plus_gutenberg_icon_alignemt":"","sfsi_plus_gutenburg_max_per_row":"","footnotes":""},"categories":[50,2],"tags":[],"class_list":["post-186892","post","type-post","status-publish","format-standard","has-post-thumbnail","hentry","category-destaque","category-geral"],"_links":{"self":[{"href":"https:\/\/www.caririemacao.com\/1\/wp-json\/wp\/v2\/posts\/186892","targetHints":{"allow":["GET"]}}],"collection":[{"href":"https:\/\/www.caririemacao.com\/1\/wp-json\/wp\/v2\/posts"}],"about":[{"href":"https:\/\/www.caririemacao.com\/1\/wp-json\/wp\/v2\/types\/post"}],"author":[{"embeddable":true,"href":"https:\/\/www.caririemacao.com\/1\/wp-json\/wp\/v2\/users\/2"}],"replies":[{"embeddable":true,"href":"https:\/\/www.caririemacao.com\/1\/wp-json\/wp\/v2\/comments?post=186892"}],"version-history":[{"count":1,"href":"https:\/\/www.caririemacao.com\/1\/wp-json\/wp\/v2\/posts\/186892\/revisions"}],"predecessor-version":[{"id":186894,"href":"https:\/\/www.caririemacao.com\/1\/wp-json\/wp\/v2\/posts\/186892\/revisions\/186894"}],"wp:featuredmedia":[{"embeddable":true,"href":"https:\/\/www.caririemacao.com\/1\/wp-json\/wp\/v2\/media\/186893"}],"wp:attachment":[{"href":"https:\/\/www.caririemacao.com\/1\/wp-json\/wp\/v2\/media?parent=186892"}],"wp:term":[{"taxonomy":"category","embeddable":true,"href":"https:\/\/www.caririemacao.com\/1\/wp-json\/wp\/v2\/categories?post=186892"},{"taxonomy":"post_tag","embeddable":true,"href":"https:\/\/www.caririemacao.com\/1\/wp-json\/wp\/v2\/tags?post=186892"}],"curies":[{"name":"wp","href":"https:\/\/api.w.org\/{rel}","templated":true}]}}