{"id":186896,"date":"2020-09-04T08:30:02","date_gmt":"2020-09-04T11:30:02","guid":{"rendered":"https:\/\/www.caririemacao.com\/1\/?p=186896"},"modified":"2020-09-04T08:30:02","modified_gmt":"2020-09-04T11:30:02","slug":"feriadao-da-independencia-tera-80-de-ocupacao-dos-hoteis-da-paraiba-na-pandemia-e-turismo-da-sinais-de-boa-recuperacao","status":"publish","type":"post","link":"https:\/\/www.caririemacao.com\/1\/2020\/09\/04\/feriadao-da-independencia-tera-80-de-ocupacao-dos-hoteis-da-paraiba-na-pandemia-e-turismo-da-sinais-de-boa-recuperacao\/","title":{"rendered":"Feriad\u00e3o da Independ\u00eancia ter\u00e1 80% de ocupa\u00e7\u00e3o dos hot\u00e9is da Para\u00edba na pandemia e turismo d\u00e1 sinais de boa recupera\u00e7\u00e3o"},"content":{"rendered":"\n<h1 class=\"wp-block-heading\"><\/h1>\n\n\n\n<p>O feriad\u00e3o para o turismo de Jo\u00e3o Pessoa e de toda a Para\u00edba ser\u00e1 positivo, segundo revela a presidente da PBTur, Ruth Avelino. Em entrevista ao ClickPB, nesta quinta-feira (3), ela contou que a m\u00e9dia de ocupa\u00e7\u00e3o nos hot\u00e9is da Capital e pelo estado \u00e9 de 80%, tendo casos de quase 100% de ocupa\u00e7\u00e3o dos leitos de hospedagem.<\/p>\n\n\n\n<p>&#8220;A expectativa para esse feriad\u00e3o de 7 de setembro \u00e9 muito boa n\u00e3o s\u00f3 na Capital, mas no estado todo. A gente tem hot\u00e9is aqui com quase 100% de ocupa\u00e7\u00e3o. A m\u00e9dia \u00e9 de 80% de ocupa\u00e7\u00e3o para o feriad\u00e3o na hotelaria de Jo\u00e3o Pessoa e da Para\u00edba como um todo. Sabendo que tem hot\u00e9is com maior percentual&#8221;, informou Ruth Avelino ao ClickPB.<\/p>\n\n\n\n<p>Em rela\u00e7\u00e3o aos protocolos de combate \u00e0 transmiss\u00e3o da Covid-19, a presidente da Empresa Paraibana de Turismo disse que os hot\u00e9is est\u00e3o preparados para receber os h\u00f3spedes cumprindo todas as regras. &#8220;Os hot\u00e9is est\u00e3o bem preparados. Todos est\u00e3o adotando os protocolos necess\u00e1rios, exigidos pelo Governo do Estado. Todos est\u00e3o com a biosseguran\u00e7a sendo levada muito a s\u00e9rio.&#8221;<\/p>\n\n\n\n<p>Ruth se surpreendeu com a retomada do turismo na Para\u00edba, durante a pandemia. &#8220;A retomada do turismo pensei que fosse ser mais lenta. Estou at\u00e9 surpresa com essa movimenta\u00e7\u00e3o que j\u00e1 est\u00e1 tendo. Mas \u00e9 bom que seja com muita cautela para evitar problemas para todos. A gente tem trabalhado na promo\u00e7\u00e3o, na divulga\u00e7\u00e3o, e acho que isso est\u00e1 dando resultado.&#8221;<\/p>\n","protected":false},"excerpt":{"rendered":"<p>O feriad\u00e3o para o turismo de Jo\u00e3o Pessoa e de toda a Para\u00edba ser\u00e1 positivo, segundo revela a presidente da PBTur, Ruth Avelino. Em entrevista&hellip; <\/p>\n","protected":false},"author":2,"featured_media":186897,"comment_status":"closed","ping_status":"closed","sticky":false,"template":"","format":"standard","meta":{"sfsi_plus_gutenberg_text_before_share":"","sfsi_plus_gutenberg_show_text_before_share":"","sfsi_plus_gutenberg_icon_type":"","sfsi_plus_gutenberg_icon_alignemt":"","sfsi_plus_gutenburg_max_per_row":"","footnotes":""},"categories":[50,2],"tags":[],"class_list":["post-186896","post","type-post","status-publish","format-standard","has-post-thumbnail","hentry","category-destaque","category-geral"],"_links":{"self":[{"href":"https:\/\/www.caririemacao.com\/1\/wp-json\/wp\/v2\/posts\/186896","targetHints":{"allow":["GET"]}}],"collection":[{"href":"https:\/\/www.caririemacao.com\/1\/wp-json\/wp\/v2\/posts"}],"about":[{"href":"https:\/\/www.caririemacao.com\/1\/wp-json\/wp\/v2\/types\/post"}],"author":[{"embeddable":true,"href":"https:\/\/www.caririemacao.com\/1\/wp-json\/wp\/v2\/users\/2"}],"replies":[{"embeddable":true,"href":"https:\/\/www.caririemacao.com\/1\/wp-json\/wp\/v2\/comments?post=186896"}],"version-history":[{"count":1,"href":"https:\/\/www.caririemacao.com\/1\/wp-json\/wp\/v2\/posts\/186896\/revisions"}],"predecessor-version":[{"id":186898,"href":"https:\/\/www.caririemacao.com\/1\/wp-json\/wp\/v2\/posts\/186896\/revisions\/186898"}],"wp:featuredmedia":[{"embeddable":true,"href":"https:\/\/www.caririemacao.com\/1\/wp-json\/wp\/v2\/media\/186897"}],"wp:attachment":[{"href":"https:\/\/www.caririemacao.com\/1\/wp-json\/wp\/v2\/media?parent=186896"}],"wp:term":[{"taxonomy":"category","embeddable":true,"href":"https:\/\/www.caririemacao.com\/1\/wp-json\/wp\/v2\/categories?post=186896"},{"taxonomy":"post_tag","embeddable":true,"href":"https:\/\/www.caririemacao.com\/1\/wp-json\/wp\/v2\/tags?post=186896"}],"curies":[{"name":"wp","href":"https:\/\/api.w.org\/{rel}","templated":true}]}}