{"id":186900,"date":"2020-09-04T08:35:55","date_gmt":"2020-09-04T11:35:55","guid":{"rendered":"https:\/\/www.caririemacao.com\/1\/?p=186900"},"modified":"2020-09-04T08:35:55","modified_gmt":"2020-09-04T11:35:55","slug":"reforma-administrativa-nao-atinge-militares-juizes-promotores-e-parlamentares-servidores-comuns-pagarao-a-conta","status":"publish","type":"post","link":"https:\/\/www.caririemacao.com\/1\/2020\/09\/04\/reforma-administrativa-nao-atinge-militares-juizes-promotores-e-parlamentares-servidores-comuns-pagarao-a-conta\/","title":{"rendered":"Reforma administrativa n\u00e3o atinge militares, ju\u00edzes, promotores e parlamentares; servidores comuns pagar\u00e3o a conta"},"content":{"rendered":"\n<h3 class=\"wp-block-heading\"><\/h3>\n\n\n\n<p><\/p>\n\n\n\n<hr class=\"wp-block-separator\"\/>\n\n\n\n<p>A proposta de reforma administrativa, enviada pelo governo de Jair Bolsonaro ao Congresso nesta quinta-feira (3), n\u00e3o abrange parlamentares, magistrados e promotores. Restar\u00e1 aos servidores comuns pagarem a conta. De acordo com o governo, esses s\u00e3o membros de poderes e t\u00eam regras diferentes dos servidores comuns. A reforma tamb\u00e9m n\u00e3o valer\u00e1 para militares, que tamb\u00e9m seguem normas distintas. A&nbsp;informa\u00e7\u00e3o&nbsp;\u00e9 o portal G1.<\/p>\n\n\n\n<p>\u201cNo Judici\u00e1rio, os membros do poder s\u00e3o os que integram a magistratura, ju\u00edzes, desembargadores, ministros dos tribunais superiores. No Minist\u00e9rio P\u00fablico, s\u00e3o os promotores, procuradores. No Legislativo, s\u00e3o os parlamentares. Esses s\u00e3o membros do poder que s\u00e3o regidos por estatuto pr\u00f3prio. O que estamos apresentado na PEC \u00e9 o que \u00e9 aplicado a servidores dos poderes executivos, legislativos, judici\u00e1rio da Uni\u00e3o, estados e munic\u00edpios\u201d, afirmou o secret\u00e1rio-adjunto de Desburocratiza\u00e7\u00e3o do Minist\u00e9rio da Economia, Gleisson Rubin.<\/p>\n\n\n\n<p>A reportagem tamb\u00e9m informa que a reforma administrativa foi enviada ao Congresso em forma da proposta de emenda \u00e0 Constitui\u00e7\u00e3o (PEC). Para virar lei de fato, precisar\u00e1 ser aprovada em dois turnos de vota\u00e7\u00e3o na C\u00e2mara e no Senado.<\/p>\n","protected":false},"excerpt":{"rendered":"<p>A proposta de reforma administrativa, enviada pelo governo de Jair Bolsonaro ao Congresso nesta quinta-feira (3), n\u00e3o abrange parlamentares, magistrados e promotores. Restar\u00e1 aos servidores&hellip; <\/p>\n","protected":false},"author":2,"featured_media":186901,"comment_status":"closed","ping_status":"closed","sticky":false,"template":"","format":"standard","meta":{"sfsi_plus_gutenberg_text_before_share":"","sfsi_plus_gutenberg_show_text_before_share":"","sfsi_plus_gutenberg_icon_type":"","sfsi_plus_gutenberg_icon_alignemt":"","sfsi_plus_gutenburg_max_per_row":"","footnotes":""},"categories":[50,2],"tags":[],"class_list":["post-186900","post","type-post","status-publish","format-standard","has-post-thumbnail","hentry","category-destaque","category-geral"],"_links":{"self":[{"href":"https:\/\/www.caririemacao.com\/1\/wp-json\/wp\/v2\/posts\/186900","targetHints":{"allow":["GET"]}}],"collection":[{"href":"https:\/\/www.caririemacao.com\/1\/wp-json\/wp\/v2\/posts"}],"about":[{"href":"https:\/\/www.caririemacao.com\/1\/wp-json\/wp\/v2\/types\/post"}],"author":[{"embeddable":true,"href":"https:\/\/www.caririemacao.com\/1\/wp-json\/wp\/v2\/users\/2"}],"replies":[{"embeddable":true,"href":"https:\/\/www.caririemacao.com\/1\/wp-json\/wp\/v2\/comments?post=186900"}],"version-history":[{"count":1,"href":"https:\/\/www.caririemacao.com\/1\/wp-json\/wp\/v2\/posts\/186900\/revisions"}],"predecessor-version":[{"id":186902,"href":"https:\/\/www.caririemacao.com\/1\/wp-json\/wp\/v2\/posts\/186900\/revisions\/186902"}],"wp:featuredmedia":[{"embeddable":true,"href":"https:\/\/www.caririemacao.com\/1\/wp-json\/wp\/v2\/media\/186901"}],"wp:attachment":[{"href":"https:\/\/www.caririemacao.com\/1\/wp-json\/wp\/v2\/media?parent=186900"}],"wp:term":[{"taxonomy":"category","embeddable":true,"href":"https:\/\/www.caririemacao.com\/1\/wp-json\/wp\/v2\/categories?post=186900"},{"taxonomy":"post_tag","embeddable":true,"href":"https:\/\/www.caririemacao.com\/1\/wp-json\/wp\/v2\/tags?post=186900"}],"curies":[{"name":"wp","href":"https:\/\/api.w.org\/{rel}","templated":true}]}}