{"id":186904,"date":"2020-09-04T08:38:18","date_gmt":"2020-09-04T11:38:18","guid":{"rendered":"https:\/\/www.caririemacao.com\/1\/?p=186904"},"modified":"2020-09-04T08:38:18","modified_gmt":"2020-09-04T11:38:18","slug":"aprovacao-do-governo-bolsonaro-cai-8-pontos-no-nordeste-aponta-pesquisa","status":"publish","type":"post","link":"https:\/\/www.caririemacao.com\/1\/2020\/09\/04\/aprovacao-do-governo-bolsonaro-cai-8-pontos-no-nordeste-aponta-pesquisa\/","title":{"rendered":"Aprova\u00e7\u00e3o do governo Bolsonaro cai 8 pontos no Nordeste, aponta pesquisa"},"content":{"rendered":"\n<h3 class=\"wp-block-heading\"><\/h3>\n\n\n\n<hr class=\"wp-block-separator\"\/>\n\n\n\n<p>A estrat\u00e9gia de Jair Bolsonaro de intensificar a agenda de viagens ao&nbsp;<a href=\"https:\/\/wscom.com.br\/revista-nordeste-decide-destacar-em-capa-e-edicao-especial-fundador-da-sinfonica-brasileira-maestro-paraibano-jose-siqueira\/\" target=\"_blank\" rel=\"noreferrer noopener\">Nordeste<\/a>&nbsp;n\u00e3o mudou a avalia\u00e7\u00e3o de seu governo na regi\u00e3o. \u00c9 o que aponta o levantamento da PoderData, que mostra que a aprova\u00e7\u00e3o caiu 8 pontos percentuais no Nordeste, passando de 48% para 40% em rela\u00e7\u00e3o a \u00faltima pesquisa do instituto.<\/p>\n\n\n\n<p>A desaprova\u00e7\u00e3o ficou em 50% \u2013varia\u00e7\u00e3o positiva, dentro da margem de erro. As taxas est\u00e3o abaixo da avalia\u00e7\u00e3o nacional: 51% aprovam o governo Bolsonaro e 41% desaprovam.<\/p>\n\n\n\n<p>Os dados foram coletados de 31 de agosto a 2 de setembro, por meio de liga\u00e7\u00f5es para celulares e telefones fixos. Foram 2.500 entrevistas em 509 munic\u00edpios, nas 27 unidades da Federa\u00e7\u00e3o. A margem de erro \u00e9 de 2 pontos percentuais.<\/p>\n\n\n\n<p>Ap\u00f3s a aprova\u00e7\u00e3o pelo Congresso do aux\u00edlio-emergencial, que elevou a proposta original do governo de R$ 200 para R$ 600, Bolsonaro concentrou a sua agenda de viagens na regi\u00e3o. Foram 7 visitas ao Nordeste de abril a agosto, n\u00famero que corresponde a 33% dos destinos de suas viagens dom\u00e9sticas no per\u00edodo que iniciou o pagamento das parcelas.<\/p>\n\n\n\n<p>A pesquisa tamb\u00e9m avaliou a atua\u00e7\u00e3o individual de Bolsonaro e 31% nordestinos o avaliam como \u201c\u00f3timo\u201d ou \u201cbom\u201d. Houve queda de 7 pontos em duas semanas. A rejei\u00e7\u00e3o se manteve em 43%.<\/p>\n\n\n\n<p>A avalia\u00e7\u00e3o positiva de Bolsonaro na regi\u00e3o est\u00e1 7 pontos abaixo da avalia\u00e7\u00e3o nacional (39%). J\u00e1 a rejei\u00e7\u00e3o ao seu desempenho est\u00e1 9 pontos acima da m\u00e9dia geral (34%).<\/p>\n","protected":false},"excerpt":{"rendered":"<p>A estrat\u00e9gia de Jair Bolsonaro de intensificar a agenda de viagens ao&nbsp;Nordeste&nbsp;n\u00e3o mudou a avalia\u00e7\u00e3o de seu governo na regi\u00e3o. \u00c9 o que aponta o&hellip; <\/p>\n","protected":false},"author":2,"featured_media":186905,"comment_status":"closed","ping_status":"closed","sticky":false,"template":"","format":"standard","meta":{"sfsi_plus_gutenberg_text_before_share":"","sfsi_plus_gutenberg_show_text_before_share":"","sfsi_plus_gutenberg_icon_type":"","sfsi_plus_gutenberg_icon_alignemt":"","sfsi_plus_gutenburg_max_per_row":"","footnotes":""},"categories":[11],"tags":[],"class_list":["post-186904","post","type-post","status-publish","format-standard","has-post-thumbnail","hentry","category-politica"],"_links":{"self":[{"href":"https:\/\/www.caririemacao.com\/1\/wp-json\/wp\/v2\/posts\/186904","targetHints":{"allow":["GET"]}}],"collection":[{"href":"https:\/\/www.caririemacao.com\/1\/wp-json\/wp\/v2\/posts"}],"about":[{"href":"https:\/\/www.caririemacao.com\/1\/wp-json\/wp\/v2\/types\/post"}],"author":[{"embeddable":true,"href":"https:\/\/www.caririemacao.com\/1\/wp-json\/wp\/v2\/users\/2"}],"replies":[{"embeddable":true,"href":"https:\/\/www.caririemacao.com\/1\/wp-json\/wp\/v2\/comments?post=186904"}],"version-history":[{"count":1,"href":"https:\/\/www.caririemacao.com\/1\/wp-json\/wp\/v2\/posts\/186904\/revisions"}],"predecessor-version":[{"id":186906,"href":"https:\/\/www.caririemacao.com\/1\/wp-json\/wp\/v2\/posts\/186904\/revisions\/186906"}],"wp:featuredmedia":[{"embeddable":true,"href":"https:\/\/www.caririemacao.com\/1\/wp-json\/wp\/v2\/media\/186905"}],"wp:attachment":[{"href":"https:\/\/www.caririemacao.com\/1\/wp-json\/wp\/v2\/media?parent=186904"}],"wp:term":[{"taxonomy":"category","embeddable":true,"href":"https:\/\/www.caririemacao.com\/1\/wp-json\/wp\/v2\/categories?post=186904"},{"taxonomy":"post_tag","embeddable":true,"href":"https:\/\/www.caririemacao.com\/1\/wp-json\/wp\/v2\/tags?post=186904"}],"curies":[{"name":"wp","href":"https:\/\/api.w.org\/{rel}","templated":true}]}}