{"id":186908,"date":"2020-09-04T08:43:19","date_gmt":"2020-09-04T11:43:19","guid":{"rendered":"https:\/\/www.caririemacao.com\/1\/?p=186908"},"modified":"2020-09-04T08:43:19","modified_gmt":"2020-09-04T11:43:19","slug":"jovem-e-assassinado-com-3-tiros-na-cabeca-na-cidade-de-juazeirinho","status":"publish","type":"post","link":"https:\/\/www.caririemacao.com\/1\/2020\/09\/04\/jovem-e-assassinado-com-3-tiros-na-cabeca-na-cidade-de-juazeirinho\/","title":{"rendered":"Jovem \u00e9 assassinado com 3 tiros na cabe\u00e7a na cidade de Juazeirinho"},"content":{"rendered":"\n<h1 class=\"wp-block-heading\"><\/h1>\n\n\n\n<p>O jovem, Carlos Ant\u00f4nio Avelino do Nascimento, 25 anos, foi assassinado por volta das 21h40 desta quinta-feira (4) com tr\u00eas tiros de arma de fogo na cabe\u00e7a na zona norte da cidade de Juazeirinho, interior da Para\u00edba.<\/p>\n\n\n\n<p>Segundo informa\u00e7\u00f5es, d\u00e3o conta de que ele estava sentado na \u00e1rea de casa, que fica na rua Antonio Ivo de Ara\u00fajo, na frente da igreja Testemunhas de Jeov\u00e1, quando foi alvejado com tiros a queima roupa e morreu no local.<\/p>\n\n\n\n<p>Carlos \u00e9 filho do casal, Sandra de dona No\u00eamia e Passarinho, que residem na rua Pedro Barros, pr\u00f3ximo a Ernandes Ferreiro, na regi\u00e3o central da cidade.<\/p>\n\n\n\n<p>J\u00e1 s\u00e3o tr\u00eas assassinatos ocorridos em Juazeirinho nos \u00faltimos meses, o que tem deixado a popula\u00e7\u00e3o assustada com a escalada da viol\u00eancia.<\/p>\n\n\n\n<p>A Pol\u00edcia Militar (PM) esteve no local do crime resguardando a cena do crime e aguardando o Gemol para realizou a per\u00edcia e removeu o corpo para ser necropsiado no Instituto de Pol\u00edcia Cient\u00edfica (IPC), em Campina Grande.<\/p>\n\n\n\n<p>Incurs\u00f5es est\u00e3o sendo feitas pela PM nas redondezas, mas at\u00e9 o momento nenhum suspeito foi identificado.<\/p>\n","protected":false},"excerpt":{"rendered":"<p>O jovem, Carlos Ant\u00f4nio Avelino do Nascimento, 25 anos, foi assassinado por volta das 21h40 desta quinta-feira (4) com tr\u00eas tiros de arma de fogo&hellip; <\/p>\n","protected":false},"author":2,"featured_media":186909,"comment_status":"closed","ping_status":"closed","sticky":false,"template":"","format":"standard","meta":{"sfsi_plus_gutenberg_text_before_share":"","sfsi_plus_gutenberg_show_text_before_share":"","sfsi_plus_gutenberg_icon_type":"","sfsi_plus_gutenberg_icon_alignemt":"","sfsi_plus_gutenburg_max_per_row":"","footnotes":""},"categories":[12],"tags":[],"class_list":["post-186908","post","type-post","status-publish","format-standard","has-post-thumbnail","hentry","category-policia"],"_links":{"self":[{"href":"https:\/\/www.caririemacao.com\/1\/wp-json\/wp\/v2\/posts\/186908","targetHints":{"allow":["GET"]}}],"collection":[{"href":"https:\/\/www.caririemacao.com\/1\/wp-json\/wp\/v2\/posts"}],"about":[{"href":"https:\/\/www.caririemacao.com\/1\/wp-json\/wp\/v2\/types\/post"}],"author":[{"embeddable":true,"href":"https:\/\/www.caririemacao.com\/1\/wp-json\/wp\/v2\/users\/2"}],"replies":[{"embeddable":true,"href":"https:\/\/www.caririemacao.com\/1\/wp-json\/wp\/v2\/comments?post=186908"}],"version-history":[{"count":1,"href":"https:\/\/www.caririemacao.com\/1\/wp-json\/wp\/v2\/posts\/186908\/revisions"}],"predecessor-version":[{"id":186910,"href":"https:\/\/www.caririemacao.com\/1\/wp-json\/wp\/v2\/posts\/186908\/revisions\/186910"}],"wp:featuredmedia":[{"embeddable":true,"href":"https:\/\/www.caririemacao.com\/1\/wp-json\/wp\/v2\/media\/186909"}],"wp:attachment":[{"href":"https:\/\/www.caririemacao.com\/1\/wp-json\/wp\/v2\/media?parent=186908"}],"wp:term":[{"taxonomy":"category","embeddable":true,"href":"https:\/\/www.caririemacao.com\/1\/wp-json\/wp\/v2\/categories?post=186908"},{"taxonomy":"post_tag","embeddable":true,"href":"https:\/\/www.caririemacao.com\/1\/wp-json\/wp\/v2\/tags?post=186908"}],"curies":[{"name":"wp","href":"https:\/\/api.w.org\/{rel}","templated":true}]}}