{"id":186912,"date":"2020-09-04T08:47:35","date_gmt":"2020-09-04T11:47:35","guid":{"rendered":"https:\/\/www.caririemacao.com\/1\/?p=186912"},"modified":"2020-09-04T08:47:35","modified_gmt":"2020-09-04T11:47:35","slug":"homem-e-preso-dirigindo-embriagado-em-monteiro","status":"publish","type":"post","link":"https:\/\/www.caririemacao.com\/1\/2020\/09\/04\/homem-e-preso-dirigindo-embriagado-em-monteiro\/","title":{"rendered":"Homem \u00e9 preso dirigindo embriagado em Monteiro"},"content":{"rendered":"\n<p><\/p>\n\n\n\n<p>Um homem foi preso pela Pol\u00edcia Militar em Monteiro, por estar pilotando uma moto com sintomas de embriagues. A pris\u00e3o foi executada pelos policiais do 11\u00ba Batalh\u00e3o, na por volta das 21h30min da quinta-feira (03).<\/p>\n\n\n\n<p>O condutor ao avistar a viatura empreendeu fuga em alta velocidade realizando manobras perigosa nas ruas e n\u00e3o obedecendo \u00e0s ordens de parada. Os policiais fizeram o acompanhamento t\u00e1tico e o acusado devido a alta velocidade, perdeu o controle da moto em uma curva e caiu. Foi realizado a abordagem, o acusado teve uma les\u00e3o no joelho devido \u00e0 queda. O mesmo foi submetido a teste de alcoolemia atrav\u00e9s do Etil\u00f4metro (BAF\u00d4METRO), onde foi constatada taxa suficiente de \u00e1lcool ingerido para configurar o crime de embriaguez ao volante.<\/p>\n\n\n\n<p>Conforme determina o C\u00f3digo de Tr\u00e2nsito Brasileiro, o condutor de 21 anos de idade, foi levado at\u00e9 a Delegacia de Pol\u00edcia da cidade e l\u00e1 apresentado ao delegado para procedimentos jur\u00eddicos. A moto foi removida para o p\u00e1tio da 7\u00aa CIRETRAN em Monteiro.<\/p>\n\n\n\n<p><em>11\u00ba BPM \u2013 Batalh\u00e3o 1\u00ba SGT Ylton Sales Silva<\/em><br><em>Se\u00e7\u00e3o de Comunica\u00e7\u00e3o Social e Marketing Institucional do 11\u00ba BPM<\/em><\/p>\n","protected":false},"excerpt":{"rendered":"<p>Um homem foi preso pela Pol\u00edcia Militar em Monteiro, por estar pilotando uma moto com sintomas de embriagues. A pris\u00e3o foi executada pelos policiais do&hellip; <\/p>\n","protected":false},"author":2,"featured_media":186913,"comment_status":"closed","ping_status":"closed","sticky":false,"template":"","format":"standard","meta":{"sfsi_plus_gutenberg_text_before_share":"","sfsi_plus_gutenberg_show_text_before_share":"","sfsi_plus_gutenberg_icon_type":"","sfsi_plus_gutenberg_icon_alignemt":"","sfsi_plus_gutenburg_max_per_row":"","footnotes":""},"categories":[12],"tags":[],"class_list":["post-186912","post","type-post","status-publish","format-standard","has-post-thumbnail","hentry","category-policia"],"_links":{"self":[{"href":"https:\/\/www.caririemacao.com\/1\/wp-json\/wp\/v2\/posts\/186912","targetHints":{"allow":["GET"]}}],"collection":[{"href":"https:\/\/www.caririemacao.com\/1\/wp-json\/wp\/v2\/posts"}],"about":[{"href":"https:\/\/www.caririemacao.com\/1\/wp-json\/wp\/v2\/types\/post"}],"author":[{"embeddable":true,"href":"https:\/\/www.caririemacao.com\/1\/wp-json\/wp\/v2\/users\/2"}],"replies":[{"embeddable":true,"href":"https:\/\/www.caririemacao.com\/1\/wp-json\/wp\/v2\/comments?post=186912"}],"version-history":[{"count":1,"href":"https:\/\/www.caririemacao.com\/1\/wp-json\/wp\/v2\/posts\/186912\/revisions"}],"predecessor-version":[{"id":186914,"href":"https:\/\/www.caririemacao.com\/1\/wp-json\/wp\/v2\/posts\/186912\/revisions\/186914"}],"wp:featuredmedia":[{"embeddable":true,"href":"https:\/\/www.caririemacao.com\/1\/wp-json\/wp\/v2\/media\/186913"}],"wp:attachment":[{"href":"https:\/\/www.caririemacao.com\/1\/wp-json\/wp\/v2\/media?parent=186912"}],"wp:term":[{"taxonomy":"category","embeddable":true,"href":"https:\/\/www.caririemacao.com\/1\/wp-json\/wp\/v2\/categories?post=186912"},{"taxonomy":"post_tag","embeddable":true,"href":"https:\/\/www.caririemacao.com\/1\/wp-json\/wp\/v2\/tags?post=186912"}],"curies":[{"name":"wp","href":"https:\/\/api.w.org\/{rel}","templated":true}]}}