{"id":186920,"date":"2020-09-04T08:55:08","date_gmt":"2020-09-04T11:55:08","guid":{"rendered":"https:\/\/www.caririemacao.com\/1\/?p=186920"},"modified":"2020-09-04T08:55:08","modified_gmt":"2020-09-04T11:55:08","slug":"auxilio-emergencial-governo-proibe-preso-do-regime-fechado-de-receber-o-beneficio-veja-novas-regras","status":"publish","type":"post","link":"https:\/\/www.caririemacao.com\/1\/2020\/09\/04\/auxilio-emergencial-governo-proibe-preso-do-regime-fechado-de-receber-o-beneficio-veja-novas-regras\/","title":{"rendered":"Aux\u00edlio Emergencial: governo pro\u00edbe preso do regime fechado de receber o benef\u00edcio; veja novas regras"},"content":{"rendered":"\n<h1 class=\"wp-block-heading\"><\/h1>\n\n\n\n<p>A Medida Provis\u00f3ria com as regras do pagamento da prorroga\u00e7\u00e3o Aux\u00edlio Emergencial foi publicada no \u201cDi\u00e1rio Oficial da Uni\u00e3o\u201d de hoje (3). O texto pro\u00edbe que alguns dependentes recebam o benef\u00edcio.https:\/\/2c9e64d28708d10662a3ddfb516090f6.safeframe.googlesyndication.com\/safeframe\/1-0-37\/html\/container.html<\/p>\n\n\n\n<p>Detentos em regime fechado e residentes no exterior \u2013 que chegaram a receber parcelas de R$ 600 antes de serem exclu\u00eddos do programa \u2013 tamb\u00e9m n\u00e3o ter\u00e3o direito.<\/p>\n\n\n\n<p>A MP tamb\u00e9m limita a quantidade de benef\u00edcios a 2 por fam\u00edlia, assim como j\u00e1 \u00e9 hoje. A mulher que for m\u00e3e e chefe de fam\u00edlia poder\u00e1 receber duas cotas por m\u00eas.<\/p>\n\n\n\n<p><strong>N\u00e3o ir\u00e3o receber novas parcelas<\/strong><\/p>\n\n\n\n<p>A MP estabelece que n\u00e3o ir\u00e1 receber as novas parcelas quem:<\/p>\n\n\n\n<p>Conseguiu emprego formal ap\u00f3s o recebimento do Aux\u00edlio Emergencial<br>Recebeu benef\u00edcio previdenci\u00e1rio, seguro-desemprego ou programa de transfer\u00eancia de renda federal ap\u00f3s o recebimento de Aux\u00edlio Emergencial (exceto Bolsa Fam\u00edlia)<br>Tem renda mensal acima de meio sal\u00e1rio m\u00ednimo por pessoa e renda familiar mensal total acima de tr\u00eas sal\u00e1rios m\u00ednimos<br>Mora no exterior<br>Recebeu em 2019 rendimentos tribut\u00e1veis acima de R$ 28.559,70<br>Tinha em 31 de dezembro de 2019 a posse ou a propriedades de bens ou direitos no valor total superior a R$ 300 mil reais<br>No ano de 2019 recebeu rendimentos isentos n\u00e3o tribut\u00e1veis ou tributados exclusivamente na fonte cuja soma seja superior a R$ 40 mil<br>Tenha sido declarado como dependente no Imposto de Renda de algu\u00e9m que se enquadre nas hip\u00f3teses dos itens 5, 6 ou 7 acima<br>Esteja preso em regime fechado<br>Tenha menos de 18 anos, exceto em caso de m\u00e3es adolescentes<br>Possua indicativo de \u00f3bito nas bases de dados do governo federal<\/p>\n","protected":false},"excerpt":{"rendered":"<p>A Medida Provis\u00f3ria com as regras do pagamento da prorroga\u00e7\u00e3o Aux\u00edlio Emergencial foi publicada no \u201cDi\u00e1rio Oficial da Uni\u00e3o\u201d de hoje (3). O texto pro\u00edbe&hellip; <\/p>\n","protected":false},"author":2,"featured_media":186921,"comment_status":"closed","ping_status":"closed","sticky":false,"template":"","format":"standard","meta":{"sfsi_plus_gutenberg_text_before_share":"","sfsi_plus_gutenberg_show_text_before_share":"","sfsi_plus_gutenberg_icon_type":"","sfsi_plus_gutenberg_icon_alignemt":"","sfsi_plus_gutenburg_max_per_row":"","footnotes":""},"categories":[2],"tags":[],"class_list":["post-186920","post","type-post","status-publish","format-standard","has-post-thumbnail","hentry","category-geral"],"_links":{"self":[{"href":"https:\/\/www.caririemacao.com\/1\/wp-json\/wp\/v2\/posts\/186920","targetHints":{"allow":["GET"]}}],"collection":[{"href":"https:\/\/www.caririemacao.com\/1\/wp-json\/wp\/v2\/posts"}],"about":[{"href":"https:\/\/www.caririemacao.com\/1\/wp-json\/wp\/v2\/types\/post"}],"author":[{"embeddable":true,"href":"https:\/\/www.caririemacao.com\/1\/wp-json\/wp\/v2\/users\/2"}],"replies":[{"embeddable":true,"href":"https:\/\/www.caririemacao.com\/1\/wp-json\/wp\/v2\/comments?post=186920"}],"version-history":[{"count":1,"href":"https:\/\/www.caririemacao.com\/1\/wp-json\/wp\/v2\/posts\/186920\/revisions"}],"predecessor-version":[{"id":186922,"href":"https:\/\/www.caririemacao.com\/1\/wp-json\/wp\/v2\/posts\/186920\/revisions\/186922"}],"wp:featuredmedia":[{"embeddable":true,"href":"https:\/\/www.caririemacao.com\/1\/wp-json\/wp\/v2\/media\/186921"}],"wp:attachment":[{"href":"https:\/\/www.caririemacao.com\/1\/wp-json\/wp\/v2\/media?parent=186920"}],"wp:term":[{"taxonomy":"category","embeddable":true,"href":"https:\/\/www.caririemacao.com\/1\/wp-json\/wp\/v2\/categories?post=186920"},{"taxonomy":"post_tag","embeddable":true,"href":"https:\/\/www.caririemacao.com\/1\/wp-json\/wp\/v2\/tags?post=186920"}],"curies":[{"name":"wp","href":"https:\/\/api.w.org\/{rel}","templated":true}]}}