{"id":186924,"date":"2020-09-04T08:57:18","date_gmt":"2020-09-04T11:57:18","guid":{"rendered":"https:\/\/www.caririemacao.com\/1\/?p=186924"},"modified":"2020-09-04T08:57:18","modified_gmt":"2020-09-04T11:57:18","slug":"convencoes-virtuais-devem-ser-opcao-dos-partidos-na-paraiba","status":"publish","type":"post","link":"https:\/\/www.caririemacao.com\/1\/2020\/09\/04\/convencoes-virtuais-devem-ser-opcao-dos-partidos-na-paraiba\/","title":{"rendered":"Conven\u00e7\u00f5es virtuais devem ser op\u00e7\u00e3o dos partidos na Para\u00edba"},"content":{"rendered":"\n<h1 class=\"wp-block-heading\"><\/h1>\n\n\n\n<p>A pol\u00eamica em tono da campanha eleitoral deste ano em forma presencial versus a pandemia causada pelo novo coronav\u00edrus vem \u00e0 tona mais uma vez com a proximidade do per\u00edodo para a realiza\u00e7\u00e3o das conven\u00e7\u00f5es partid\u00e1rias. Em entrevista a secret\u00e1ria judici\u00e1ria do Tribunal Regional Eleitoral na Para\u00edba (TRE-PB), Aline Vilar, destacou que apesar do modelo presencial n\u00e3o estar sendo proibido pela Justi\u00e7a Eleitoral na realiza\u00e7\u00e3o das conven\u00e7\u00f5es, os partidos pol\u00edticos devem observar a pandemia sanit\u00e1ria. Ela tamb\u00e9m comentou sobre quais partidos j\u00e1 marcaram suas datas.<\/p>\n\n\n\n<p>Segundo ela, essa e outras advert\u00eancias da Justi\u00e7a Eleitoral est\u00e3o na Resolu\u00e7\u00e3o 23.623 que o Tribunal Superior Eleitoral (TSE) aprovou e divulgou h\u00e1 poucos dias e precisam ser seguidas \u00e0 risca pelos pr\u00e9-candidatos e pelas agremia\u00e7\u00f5es partid\u00e1rias que est\u00e3o entrando na disputa eleitoral. Pela resolu\u00e7\u00e3o, al\u00e9m das regras sanit\u00e1rias para a modalidade presencial das conven\u00e7\u00f5es partid\u00e1rias liberadas desde a segunda-feira (31), e que dever\u00e3o ocorrer at\u00e9 o pr\u00f3ximo dia 16, os partidos podem definir suas candidaturas majorit\u00e1ria e proporcionais, mas, para tanto, precisam estar registrados no TRE at\u00e9 a data da conven\u00e7\u00e3o. \u201cAp\u00f3s os eventos, passado o prazo de um dia, precisam encaminhar a ata da conven\u00e7\u00e3o \u00e0 Justi\u00e7a Eleitoral pela internet, por meio do sistema Candex, que est\u00e1 dispon\u00edvel no site do TRE paraibano\u201d, disse.<\/p>\n\n\n\n<p>Fonte: PBagora<\/p>\n","protected":false},"excerpt":{"rendered":"<p>A pol\u00eamica em tono da campanha eleitoral deste ano em forma presencial versus a pandemia causada pelo novo coronav\u00edrus vem \u00e0 tona mais uma vez&hellip; <\/p>\n","protected":false},"author":2,"featured_media":186925,"comment_status":"closed","ping_status":"closed","sticky":false,"template":"","format":"standard","meta":{"sfsi_plus_gutenberg_text_before_share":"","sfsi_plus_gutenberg_show_text_before_share":"","sfsi_plus_gutenberg_icon_type":"","sfsi_plus_gutenberg_icon_alignemt":"","sfsi_plus_gutenburg_max_per_row":"","footnotes":""},"categories":[50,2],"tags":[],"class_list":["post-186924","post","type-post","status-publish","format-standard","has-post-thumbnail","hentry","category-destaque","category-geral"],"_links":{"self":[{"href":"https:\/\/www.caririemacao.com\/1\/wp-json\/wp\/v2\/posts\/186924","targetHints":{"allow":["GET"]}}],"collection":[{"href":"https:\/\/www.caririemacao.com\/1\/wp-json\/wp\/v2\/posts"}],"about":[{"href":"https:\/\/www.caririemacao.com\/1\/wp-json\/wp\/v2\/types\/post"}],"author":[{"embeddable":true,"href":"https:\/\/www.caririemacao.com\/1\/wp-json\/wp\/v2\/users\/2"}],"replies":[{"embeddable":true,"href":"https:\/\/www.caririemacao.com\/1\/wp-json\/wp\/v2\/comments?post=186924"}],"version-history":[{"count":1,"href":"https:\/\/www.caririemacao.com\/1\/wp-json\/wp\/v2\/posts\/186924\/revisions"}],"predecessor-version":[{"id":186926,"href":"https:\/\/www.caririemacao.com\/1\/wp-json\/wp\/v2\/posts\/186924\/revisions\/186926"}],"wp:featuredmedia":[{"embeddable":true,"href":"https:\/\/www.caririemacao.com\/1\/wp-json\/wp\/v2\/media\/186925"}],"wp:attachment":[{"href":"https:\/\/www.caririemacao.com\/1\/wp-json\/wp\/v2\/media?parent=186924"}],"wp:term":[{"taxonomy":"category","embeddable":true,"href":"https:\/\/www.caririemacao.com\/1\/wp-json\/wp\/v2\/categories?post=186924"},{"taxonomy":"post_tag","embeddable":true,"href":"https:\/\/www.caririemacao.com\/1\/wp-json\/wp\/v2\/tags?post=186924"}],"curies":[{"name":"wp","href":"https:\/\/api.w.org\/{rel}","templated":true}]}}