{"id":186932,"date":"2020-09-04T09:04:05","date_gmt":"2020-09-04T12:04:05","guid":{"rendered":"https:\/\/www.caririemacao.com\/1\/?p=186932"},"modified":"2020-09-04T09:04:05","modified_gmt":"2020-09-04T12:04:05","slug":"governo-economiza-quase-r-700-milhoes-com-home-office","status":"publish","type":"post","link":"https:\/\/www.caririemacao.com\/1\/2020\/09\/04\/governo-economiza-quase-r-700-milhoes-com-home-office\/","title":{"rendered":"Governo economiza quase R$ 700 milh\u00f5es com home office"},"content":{"rendered":"\n<h1 class=\"wp-block-heading\"><\/h1>\n\n\n\n<p>O trabalho remoto dos servidores p\u00fablicos federais durante a pandemia de covid-19 resultou em uma economia de R$ 691,992 milh\u00f5es aos cofres p\u00fablicos de abril a julho deste ano, de acordo com dados nesta quinta-feira, 3, Minist\u00e9rio da Economia. Os valores s\u00e3o calculados em compara\u00e7\u00e3o com m\u00e9dia mensal desses gastos em 2019.<\/p>\n\n\n\n<p>Somente em di\u00e1rias, passagens e outras despesas de locomo\u00e7\u00e3o, a despesa evitada chegou a R$ 375,128 milh\u00f5es naqueles quatro meses. J\u00e1 a economia com a conta de energia el\u00e9trica dos \u00f3rg\u00e3os p\u00fablicos foi de R$ 211,437 milh\u00f5es no per\u00edodo.<\/p>\n\n\n\n<p>Com boa parte dos servidores trabalhando em casa, a administra\u00e7\u00e3o federal ainda economizou R$ 71,097 milh\u00f5es entre abril e julho com servi\u00e7os de comunica\u00e7\u00e3o em geral e R$ 26,659 milh\u00f5es com a conta de \u00e1gua. O total gasto com c\u00f3pias e reprodu\u00e7\u00f5es de documentos foi R$ 7,670 milh\u00f5es menor que a m\u00e9dia do mesmo per\u00edodo de 2019.<\/p>\n\n\n\n<p>\u201cO minist\u00e9rio tem observado redu\u00e7\u00f5es expressivas nas despesas de custeio nos \u00faltimos meses e cada real economizado em gastos administrativos pode ser investido em \u00e1reas final\u00edsticas. N\u00f3s monitoramos essas despesas para saber onde investir na moderniza\u00e7\u00e3o dos processos\u201d, avaliou, em nota, o&nbsp;secret\u00e1rio de Gest\u00e3o da Secretaria Especial de Desburocratiza\u00e7\u00e3o, Gest\u00e3o e Governo Digital da pasta, Cristiano Heckert.<\/p>\n\n\n\n<p>\u201cA experi\u00eancia do trabalho remoto durante a pandemia demonstrou que muitas atividades podem ser realizadas sem prejudicar o atendimento aos cidad\u00e3os\u201d, garantiu.<\/p>\n","protected":false},"excerpt":{"rendered":"<p>O trabalho remoto dos servidores p\u00fablicos federais durante a pandemia de covid-19 resultou em uma economia de R$ 691,992 milh\u00f5es aos cofres p\u00fablicos de abril&hellip; <\/p>\n","protected":false},"author":2,"featured_media":186678,"comment_status":"closed","ping_status":"closed","sticky":false,"template":"","format":"standard","meta":{"sfsi_plus_gutenberg_text_before_share":"","sfsi_plus_gutenberg_show_text_before_share":"","sfsi_plus_gutenberg_icon_type":"","sfsi_plus_gutenberg_icon_alignemt":"","sfsi_plus_gutenburg_max_per_row":"","footnotes":""},"categories":[2],"tags":[],"class_list":["post-186932","post","type-post","status-publish","format-standard","has-post-thumbnail","hentry","category-geral"],"_links":{"self":[{"href":"https:\/\/www.caririemacao.com\/1\/wp-json\/wp\/v2\/posts\/186932","targetHints":{"allow":["GET"]}}],"collection":[{"href":"https:\/\/www.caririemacao.com\/1\/wp-json\/wp\/v2\/posts"}],"about":[{"href":"https:\/\/www.caririemacao.com\/1\/wp-json\/wp\/v2\/types\/post"}],"author":[{"embeddable":true,"href":"https:\/\/www.caririemacao.com\/1\/wp-json\/wp\/v2\/users\/2"}],"replies":[{"embeddable":true,"href":"https:\/\/www.caririemacao.com\/1\/wp-json\/wp\/v2\/comments?post=186932"}],"version-history":[{"count":1,"href":"https:\/\/www.caririemacao.com\/1\/wp-json\/wp\/v2\/posts\/186932\/revisions"}],"predecessor-version":[{"id":186933,"href":"https:\/\/www.caririemacao.com\/1\/wp-json\/wp\/v2\/posts\/186932\/revisions\/186933"}],"wp:featuredmedia":[{"embeddable":true,"href":"https:\/\/www.caririemacao.com\/1\/wp-json\/wp\/v2\/media\/186678"}],"wp:attachment":[{"href":"https:\/\/www.caririemacao.com\/1\/wp-json\/wp\/v2\/media?parent=186932"}],"wp:term":[{"taxonomy":"category","embeddable":true,"href":"https:\/\/www.caririemacao.com\/1\/wp-json\/wp\/v2\/categories?post=186932"},{"taxonomy":"post_tag","embeddable":true,"href":"https:\/\/www.caririemacao.com\/1\/wp-json\/wp\/v2\/tags?post=186932"}],"curies":[{"name":"wp","href":"https:\/\/api.w.org\/{rel}","templated":true}]}}