{"id":18710,"date":"2017-04-29T15:48:27","date_gmt":"2017-04-29T18:48:27","guid":{"rendered":"http:\/\/caririemacao.com\/1\/?p=18710"},"modified":"2017-04-29T15:48:27","modified_gmt":"2017-04-29T18:48:27","slug":"prefeita-de-santo-andre-visita-exposicao-de-animais","status":"publish","type":"post","link":"https:\/\/www.caririemacao.com\/1\/2017\/04\/29\/prefeita-de-santo-andre-visita-exposicao-de-animais\/","title":{"rendered":"Prefeita de Santo Andr\u00e9 visita exposi\u00e7\u00e3o de animais"},"content":{"rendered":"<p>A prefeita Silvana Marinho do munic\u00edpio de Santo Andr\u00e9 esteve visitando na manh\u00e3 deste s\u00e1bado a exposi\u00e7\u00e3o de animais da 2\u00ba Festa da Cabra Rainha.<\/p>\n<p>O objetivo da Festa da Cabra Rainha \u00e9 promover o desenvolvimento socioecon\u00f4mico e cultural do munic\u00edpio, contribuindo para o fortalecimento da cadeia produtiva e consequentemente mostrar o potencial de uma das maiores bacias leiteiras do Cariri, que \u00e9 a cidade de Santo Andr\u00e9.<\/p>\n<p>Em conversa com o Cariri em A\u00e7\u00e3o, Silvana falou de sua satisfa\u00e7\u00e3o pela realiza\u00e7\u00e3o da 2\u00ba Festa da Cabra Rainha. &#8220;Fico muito feliz em poder, em quanto gest\u00e3o, viabilizar a segunda edi\u00e7\u00e3o desse evento, o nosso foco \u00e9 valorizar o que Santo Andr\u00e9 tem de melhor, nossa gest\u00e3o vai continuar fortalecendo incentivando os nossos produtores para que os mesmos possa ter condi\u00e7\u00f5es de levar o nome de Santo Andr\u00e9 aos mais diversos lugares desse pa\u00eds.\u201d Finalizou a gestora.<\/p>\n<p><a href=\"https:\/\/www.facebook.com\/pg\/CaririEmAcao\/photos\/?tab=album&amp;album_id=1008831942586162\">Fotos exclusivas do Portal de Not\u00edcias CARIRI EM A\u00c7\u00c3O. Direitos reservados &#8211; Copyright \u00a9 2017 Cariri em A\u00e7\u00e3o.<\/a><\/p>\n<p><strong>CARIRI EM A\u00c7\u00c3O<\/strong><\/p>\n<p><strong>Leia mais not\u00edcias em\u00a0<\/strong><a href=\"http:\/\/www.caririemacao.com\/\"><strong>caririemacao.com<\/strong><\/a><strong>, siga nossa p\u00e1gina no\u00a0<\/strong><a href=\"https:\/\/www.facebook.com\/CaririEmAcao\/?ref=aymt_homepage_panel\"><strong>Facebook<\/strong><\/a><strong>\u00a0e\u00a0<a href=\"https:\/\/www.instagram.com\/cariri_em_acao\/?hl=pt-br\">Instagram<\/a>\u00a0veja nossas mat\u00e9rias e fotos. Voc\u00ea tamb\u00e9m pode enviar informa\u00e7\u00f5es \u00e0 Reda\u00e7\u00e3o do Portal Cariri em A\u00e7\u00e3o pelo WhatsApp (83) 9 9634.5791, (83) 9 9601-1162.<\/strong><\/p>\n","protected":false},"excerpt":{"rendered":"<p>A prefeita Silvana Marinho do munic\u00edpio de Santo Andr\u00e9 esteve visitando na manh\u00e3 deste s\u00e1bado a exposi\u00e7\u00e3o de animais da 2\u00ba Festa da Cabra Rainha.&hellip; <\/p>\n","protected":false},"author":2,"featured_media":18718,"comment_status":"closed","ping_status":"closed","sticky":false,"template":"","format":"standard","meta":{"sfsi_plus_gutenberg_text_before_share":"","sfsi_plus_gutenberg_show_text_before_share":"","sfsi_plus_gutenberg_icon_type":"","sfsi_plus_gutenberg_icon_alignemt":"","sfsi_plus_gutenburg_max_per_row":"","footnotes":""},"categories":[2],"tags":[],"class_list":["post-18710","post","type-post","status-publish","format-standard","has-post-thumbnail","hentry","category-geral"],"_links":{"self":[{"href":"https:\/\/www.caririemacao.com\/1\/wp-json\/wp\/v2\/posts\/18710","targetHints":{"allow":["GET"]}}],"collection":[{"href":"https:\/\/www.caririemacao.com\/1\/wp-json\/wp\/v2\/posts"}],"about":[{"href":"https:\/\/www.caririemacao.com\/1\/wp-json\/wp\/v2\/types\/post"}],"author":[{"embeddable":true,"href":"https:\/\/www.caririemacao.com\/1\/wp-json\/wp\/v2\/users\/2"}],"replies":[{"embeddable":true,"href":"https:\/\/www.caririemacao.com\/1\/wp-json\/wp\/v2\/comments?post=18710"}],"version-history":[{"count":0,"href":"https:\/\/www.caririemacao.com\/1\/wp-json\/wp\/v2\/posts\/18710\/revisions"}],"wp:featuredmedia":[{"embeddable":true,"href":"https:\/\/www.caririemacao.com\/1\/wp-json\/wp\/v2\/media\/18718"}],"wp:attachment":[{"href":"https:\/\/www.caririemacao.com\/1\/wp-json\/wp\/v2\/media?parent=18710"}],"wp:term":[{"taxonomy":"category","embeddable":true,"href":"https:\/\/www.caririemacao.com\/1\/wp-json\/wp\/v2\/categories?post=18710"},{"taxonomy":"post_tag","embeddable":true,"href":"https:\/\/www.caririemacao.com\/1\/wp-json\/wp\/v2\/tags?post=18710"}],"curies":[{"name":"wp","href":"https:\/\/api.w.org\/{rel}","templated":true}]}}