{"id":18711,"date":"2017-04-29T15:34:55","date_gmt":"2017-04-29T18:34:55","guid":{"rendered":"http:\/\/caririemacao.com\/1\/?p=18711"},"modified":"2017-04-29T15:40:30","modified_gmt":"2017-04-29T18:40:30","slug":"zabele-completa-23-anos-de-emancipacao-politica","status":"publish","type":"post","link":"https:\/\/www.caririemacao.com\/1\/2017\/04\/29\/zabele-completa-23-anos-de-emancipacao-politica\/","title":{"rendered":"Zabel\u00ea completa 23 anos de Emancipa\u00e7\u00e3o pol\u00edtica"},"content":{"rendered":"<p>A cidade de Zabel\u00ea est\u00e1 em Festa com seu anivers\u00e1rio de 23 anos. Nas primeiras horas deste s\u00e1bado, dia 29 de abril, a programa\u00e7\u00e3o do anivers\u00e1rio da cidade iniciou com hasteamento das bandeiras, passeio ciclismo, missa solene e inaugura\u00e7\u00e3o.<\/p>\n<p>Logo cedo, o prefeito Dalyson Neves, vereadores e equipe de governo participaram do hasteamento das bandeiras. J\u00e1 por volta das 10h, houve missa solene celebrada pelo padre Adauto, p\u00e1roco da cidade.<\/p>\n<p style=\"text-align: center;\"><a href=\"http:\/\/caririemacao.com\/1\/wp-content\/uploads\/2017\/04\/DSC_0086.jpg\"><img fetchpriority=\"high\" decoding=\"async\" class=\"alignnone wp-image-18716 size-full\" src=\"http:\/\/caririemacao.com\/1\/wp-content\/uploads\/2017\/04\/DSC_0086.jpg\" alt=\"DSC_0086\" width=\"500\" height=\"333\" srcset=\"https:\/\/www.caririemacao.com\/1\/wp-content\/uploads\/2017\/04\/DSC_0086.jpg 500w, https:\/\/www.caririemacao.com\/1\/wp-content\/uploads\/2017\/04\/DSC_0086-300x200.jpg 300w\" sizes=\"(max-width: 500px) 100vw, 500px\" \/><\/a><\/p>\n<p>Um dos momentos marcantes na manh\u00e3 deste s\u00e1bado foi a inaugura\u00e7\u00e3o do letreiro com o nome \u201cEu Amo Zabel\u00ea\u201d, constru\u00eddo no centro da cidade e que j\u00e1 se tornou um ponto tur\u00edstico no munic\u00edpio, e a ben\u00e7\u00e3o da imagem de Nossa Senhora das Gra\u00e7as que foi colocada ao lado do letreiro.<\/p>\n<p><img decoding=\"async\" class=\"aligncenter wp-image-18713 size-full lazyload\" data-src=\"http:\/\/caririemacao.com\/1\/wp-content\/uploads\/2017\/04\/DSC_0081.jpg\" alt=\"DSC_0081\" width=\"500\" height=\"333\" data-srcset=\"https:\/\/www.caririemacao.com\/1\/wp-content\/uploads\/2017\/04\/DSC_0081.jpg 500w, https:\/\/www.caririemacao.com\/1\/wp-content\/uploads\/2017\/04\/DSC_0081-300x200.jpg 300w\" data-sizes=\"(max-width: 500px) 100vw, 500px\" src=\"data:image\/svg+xml;base64,PHN2ZyB3aWR0aD0iMSIgaGVpZ2h0PSIxIiB4bWxucz0iaHR0cDovL3d3dy53My5vcmcvMjAwMC9zdmciPjwvc3ZnPg==\" style=\"--smush-placeholder-width: 500px; --smush-placeholder-aspect-ratio: 500\/333;\" \/><\/p>\n<p>J\u00e1 no per\u00edodo da tarde, ter\u00e1 corridas de pedestre e ciclismo. \u00a0J\u00e1 a noite haver\u00e1 shows musicais, a partir das 21h.<\/p>\n<p><a href=\"https:\/\/www.facebook.com\/pg\/CaririEmAcao\/photos\/?tab=album&amp;album_id=1008827922586564\">CONFIRA FOTOS DA PROGRAMA\u00c7\u00c3O 29.04.17 (MANH\u00c3)<\/a><\/p>\n<p>VEJA V\u00cdDEO COM\u00a0MENSAGENS DE FELIZ ANIVERS\u00c1RIO DA CIDADE.<\/p>\n<p><div class=\"ose-youtube ose-uid-047baa6c15dfe6ba771cd16ef46b8928 ose-embedpress-responsive\" style=\"width:600px; height:550px; max-height:550px; max-width:100%; display:inline-block;\" data-embed-type=\"Youtube\"><iframe allowFullScreen=\"true\" title=\"Zabel\u00ea completa 23 anos e autoridades enviam mensagem a popula\u00e7\u00e3o\" width=\"600\" height=\"550\" data-src=\"https:\/\/www.youtube.com\/embed\/_7oSd8s1YS4?feature=oembed&color=red&rel=0&controls=1&start=&end=&fs=0&iv_load_policy=0&autoplay=0&mute=0&modestbranding=0&cc_load_policy=1&playsinline=1\" frameborder=\"0\" allow=\"accelerometer; encrypted-media;accelerometer;autoplay;clipboard-write;gyroscope;picture-in-picture clipboard-write; encrypted-media; gyroscope; picture-in-picture; web-share\" referrerpolicy=\"strict-origin-when-cross-origin\" allowfullscreen src=\"data:image\/svg+xml;base64,PHN2ZyB3aWR0aD0iMSIgaGVpZ2h0PSIxIiB4bWxucz0iaHR0cDovL3d3dy53My5vcmcvMjAwMC9zdmciPjwvc3ZnPg==\" class=\"lazyload\" data-load-mode=\"1\"><\/iframe><\/div><\/p>\n<p><strong>CARIRI EM A\u00c7\u00c3O<\/strong><\/p>\n<p>Leia mais not\u00edcias em\u00a0<a href=\"http:\/\/www.caririemacao.com\/\">caririemacao.com<\/a>, siga nossa p\u00e1gina no<a href=\"https:\/\/www.facebook.com\/CaririEmAcao\/\">\u00a0Facebook<\/a>\u00a0e\u00a0<a href=\"https:\/\/www.instagram.com\/cariri_em_acao\/?hl=pt-br\">Instagram<\/a>\u00a0veja nossas mat\u00e9rias e fotos. Voc\u00ea tamb\u00e9m pode enviar informa\u00e7\u00f5es \u00e0 Reda\u00e7\u00e3o do Portal Cariri em A\u00e7\u00e3o pelo WhatsApp (83) 9 9634.5791, (83) 9 9601-1162.<\/p>\n","protected":false},"excerpt":{"rendered":"<p>A cidade de Zabel\u00ea est\u00e1 em Festa com seu anivers\u00e1rio de 23 anos. Nas primeiras horas deste s\u00e1bado, dia 29 de abril, a programa\u00e7\u00e3o do&hellip; <\/p>\n","protected":false},"author":2,"featured_media":18712,"comment_status":"closed","ping_status":"closed","sticky":false,"template":"","format":"standard","meta":{"sfsi_plus_gutenberg_text_before_share":"","sfsi_plus_gutenberg_show_text_before_share":"","sfsi_plus_gutenberg_icon_type":"","sfsi_plus_gutenberg_icon_alignemt":"","sfsi_plus_gutenburg_max_per_row":"","footnotes":""},"categories":[6],"tags":[],"class_list":["post-18711","post","type-post","status-publish","format-standard","has-post-thumbnail","hentry","category-cidades"],"_links":{"self":[{"href":"https:\/\/www.caririemacao.com\/1\/wp-json\/wp\/v2\/posts\/18711","targetHints":{"allow":["GET"]}}],"collection":[{"href":"https:\/\/www.caririemacao.com\/1\/wp-json\/wp\/v2\/posts"}],"about":[{"href":"https:\/\/www.caririemacao.com\/1\/wp-json\/wp\/v2\/types\/post"}],"author":[{"embeddable":true,"href":"https:\/\/www.caririemacao.com\/1\/wp-json\/wp\/v2\/users\/2"}],"replies":[{"embeddable":true,"href":"https:\/\/www.caririemacao.com\/1\/wp-json\/wp\/v2\/comments?post=18711"}],"version-history":[{"count":0,"href":"https:\/\/www.caririemacao.com\/1\/wp-json\/wp\/v2\/posts\/18711\/revisions"}],"wp:featuredmedia":[{"embeddable":true,"href":"https:\/\/www.caririemacao.com\/1\/wp-json\/wp\/v2\/media\/18712"}],"wp:attachment":[{"href":"https:\/\/www.caririemacao.com\/1\/wp-json\/wp\/v2\/media?parent=18711"}],"wp:term":[{"taxonomy":"category","embeddable":true,"href":"https:\/\/www.caririemacao.com\/1\/wp-json\/wp\/v2\/categories?post=18711"},{"taxonomy":"post_tag","embeddable":true,"href":"https:\/\/www.caririemacao.com\/1\/wp-json\/wp\/v2\/tags?post=18711"}],"curies":[{"name":"wp","href":"https:\/\/api.w.org\/{rel}","templated":true}]}}