{"id":18720,"date":"2017-04-29T17:59:32","date_gmt":"2017-04-29T20:59:32","guid":{"rendered":"http:\/\/caririemacao.com\/1\/?p=18720"},"modified":"2017-04-29T17:59:32","modified_gmt":"2017-04-29T20:59:32","slug":"jovem-e-assassinado-em-sume","status":"publish","type":"post","link":"https:\/\/www.caririemacao.com\/1\/2017\/04\/29\/jovem-e-assassinado-em-sume\/","title":{"rendered":"Jovem \u00e9 assassinado em Sum\u00e9"},"content":{"rendered":"<p>L\u00e9o filho de Acampar foi assassinado agora em Sum\u00e9.<\/p>\n<p style=\"text-align: center;\"><a href=\"http:\/\/caririemacao.com\/1\/wp-content\/uploads\/2017\/04\/FB_IMG_1493499332298.jpg\"><img decoding=\"async\" class=\"alignnone size-medium wp-image-18722 lazyload\" data-src=\"http:\/\/caririemacao.com\/1\/wp-content\/uploads\/2017\/04\/FB_IMG_1493499332298-105x300.jpg\" alt=\"FB_IMG_1493499332298\" width=\"105\" height=\"300\" data-srcset=\"https:\/\/www.caririemacao.com\/1\/wp-content\/uploads\/2017\/04\/FB_IMG_1493499332298-105x300.jpg 105w, https:\/\/www.caririemacao.com\/1\/wp-content\/uploads\/2017\/04\/FB_IMG_1493499332298.jpg 156w\" data-sizes=\"(max-width: 105px) 100vw, 105px\" src=\"data:image\/svg+xml;base64,PHN2ZyB3aWR0aD0iMSIgaGVpZ2h0PSIxIiB4bWxucz0iaHR0cDovL3d3dy53My5vcmcvMjAwMC9zdmciPjwvc3ZnPg==\" style=\"--smush-placeholder-width: 105px; --smush-placeholder-aspect-ratio: 105\/300;\" \/><\/a><\/p>\n<p>Leonardo de Melo Costa, 16 anos. L\u00e9o foi perseguido pelos assassinos e acabou sendo morto com um tiro na nuca.<\/p>\n<p>O fato aconteceu pr\u00f3ximo a Vila Z\u00e9 Dario.<\/p>\n<p>Cariri em A\u00e7\u00e3o<\/p>\n<p>Com Jacqueline Oliveira<\/p>\n","protected":false},"excerpt":{"rendered":"<p>L\u00e9o filho de Acampar foi assassinado agora em Sum\u00e9. Leonardo de Melo Costa, 16 anos. L\u00e9o foi perseguido pelos assassinos e acabou sendo morto com&hellip; <\/p>\n","protected":false},"author":2,"featured_media":18721,"comment_status":"closed","ping_status":"closed","sticky":false,"template":"","format":"standard","meta":{"sfsi_plus_gutenberg_text_before_share":"","sfsi_plus_gutenberg_show_text_before_share":"","sfsi_plus_gutenberg_icon_type":"","sfsi_plus_gutenberg_icon_alignemt":"","sfsi_plus_gutenburg_max_per_row":"","footnotes":""},"categories":[12],"tags":[],"class_list":["post-18720","post","type-post","status-publish","format-standard","has-post-thumbnail","hentry","category-policia"],"_links":{"self":[{"href":"https:\/\/www.caririemacao.com\/1\/wp-json\/wp\/v2\/posts\/18720","targetHints":{"allow":["GET"]}}],"collection":[{"href":"https:\/\/www.caririemacao.com\/1\/wp-json\/wp\/v2\/posts"}],"about":[{"href":"https:\/\/www.caririemacao.com\/1\/wp-json\/wp\/v2\/types\/post"}],"author":[{"embeddable":true,"href":"https:\/\/www.caririemacao.com\/1\/wp-json\/wp\/v2\/users\/2"}],"replies":[{"embeddable":true,"href":"https:\/\/www.caririemacao.com\/1\/wp-json\/wp\/v2\/comments?post=18720"}],"version-history":[{"count":0,"href":"https:\/\/www.caririemacao.com\/1\/wp-json\/wp\/v2\/posts\/18720\/revisions"}],"wp:featuredmedia":[{"embeddable":true,"href":"https:\/\/www.caririemacao.com\/1\/wp-json\/wp\/v2\/media\/18721"}],"wp:attachment":[{"href":"https:\/\/www.caririemacao.com\/1\/wp-json\/wp\/v2\/media?parent=18720"}],"wp:term":[{"taxonomy":"category","embeddable":true,"href":"https:\/\/www.caririemacao.com\/1\/wp-json\/wp\/v2\/categories?post=18720"},{"taxonomy":"post_tag","embeddable":true,"href":"https:\/\/www.caririemacao.com\/1\/wp-json\/wp\/v2\/tags?post=18720"}],"curies":[{"name":"wp","href":"https:\/\/api.w.org\/{rel}","templated":true}]}}