{"id":187200,"date":"2020-09-08T08:59:54","date_gmt":"2020-09-08T11:59:54","guid":{"rendered":"https:\/\/www.caririemacao.com\/1\/?p=187200"},"modified":"2020-09-08T08:59:54","modified_gmt":"2020-09-08T11:59:54","slug":"bombeiros-encontram-corpo-de-mulher-que-desapareceu-apos-barco-virar-em-represa","status":"publish","type":"post","link":"https:\/\/www.caririemacao.com\/1\/2020\/09\/08\/bombeiros-encontram-corpo-de-mulher-que-desapareceu-apos-barco-virar-em-represa\/","title":{"rendered":"Bombeiros encontram corpo de mulher que desapareceu ap\u00f3s barco virar em represa"},"content":{"rendered":"\n<p>Os bombeiros encontraram, na tarde da \u00faltima segunda-feira (7), o corpo da mulher de 44 anos que desapareceu ap\u00f3s uma\u00a0embarca\u00e7\u00e3o virar e afundar na represa de Jurumirim,\u00a0em Avar\u00e9 (SP).<\/p>\n\n\n\n<p>De acordo com o Corpo de Bombeiros, o corpo de Amanda Ferreira foi encontrado\u00a0pr\u00f3ximo ao local onde a embarca\u00e7\u00e3o virou\u00a0e equipes da per\u00edcia e pol\u00edcia foram acionadas na ocorr\u00eancia.<\/p>\n\n\n\n<figure class=\"wp-block-image\"><img decoding=\"async\" data-src=\"https:\/\/s2.glbimg.com\/EPhLuvZiwGYf2bqtpaCVS6wwkcM=\/0x0:1280x720\/984x0\/smart\/filters:strip_icc()\/i.s3.glbimg.com\/v1\/AUTH_59edd422c0c84a879bd37670ae4f538a\/internal_photos\/bs\/2020\/7\/7\/kAitWaTQA5V7kcWqy2ug\/whatsapp-image-2020-09-07-at-10.42.50.jpeg\" alt=\"Barco virou na represa de Jurumirim, em Avar\u00e9 \u2014 Foto: Beatriz Buosi\/TV TEM\" src=\"data:image\/svg+xml;base64,PHN2ZyB3aWR0aD0iMSIgaGVpZ2h0PSIxIiB4bWxucz0iaHR0cDovL3d3dy53My5vcmcvMjAwMC9zdmciPjwvc3ZnPg==\" class=\"lazyload\" \/><\/figure>\n\n\n\n<p>Barco virou na represa de Jurumirim, em Avar\u00e9 \u2014 Foto: Beatriz Buosi\/TV TEM<\/p>\n\n\n\n<p>De acordo com os bombeiros, a embarca\u00e7\u00e3o tem capacidade para sete pessoas, mas levava mais passageiros que o ideal quando virou e afundou em um trecho do rio que tem aproximadamente 20 metros de profundidade. Todas as pessoas ca\u00edram na \u00e1gua.<\/p>\n\n\n\n<p>&#8220;As informa\u00e7\u00f5es sobre o n\u00famero de pessoas que estavam na embarca\u00e7\u00e3o est\u00e3o imprecisas, mas elas ser\u00e3o apuradas pela Marinha para chegar \u00e0 conclus\u00e3o do acidente&#8221;, diz Carlos Prandini, tenente do Corpo de Bombeiros.<\/p>\n\n\n\n<figure class=\"wp-block-image\"><img decoding=\"async\" data-src=\"https:\/\/s2.glbimg.com\/xbW2bDSSk9J3e9d-_4aktyU8MsA=\/0x0:1280x720\/984x0\/smart\/filters:strip_icc()\/i.s3.glbimg.com\/v1\/AUTH_59edd422c0c84a879bd37670ae4f538a\/internal_photos\/bs\/2020\/q\/2\/9Ztz1hS3mQFWAUVFteeg\/whatsapp-image-2020-09-07-at-10.42.31.jpeg\" alt=\"Equipes de resgate procuraram mulher que desapareceu ap\u00f3s barco virar na represa de Jurumirim, em Avar\u00e9 \u2014 Foto: Beatriz Buosi\/TV TEM\" src=\"data:image\/svg+xml;base64,PHN2ZyB3aWR0aD0iMSIgaGVpZ2h0PSIxIiB4bWxucz0iaHR0cDovL3d3dy53My5vcmcvMjAwMC9zdmciPjwvc3ZnPg==\" class=\"lazyload\" \/><\/figure>\n\n\n\n<p>Equipes de resgate procuraram mulher que desapareceu ap\u00f3s barco virar na represa de Jurumirim, em Avar\u00e9 \u2014 Foto: Beatriz Buosi\/TV TEM<\/p>\n\n\n\n<p>Um\u00a0comerciante que ajudou a resgatar as pessoas\u00a0que ca\u00edram na \u00e1gua relatou que ouviu gritos de socorro ap\u00f3s o acidente, no domingo (6).<\/p>\n\n\n\n<p>Henrique dos Santos Bartioli estava em casa com a fam\u00edlia quando ele e o irm\u00e3o\u00a0ouviram os gritos dos ocupantes da embarca\u00e7\u00e3o.\u00a0Eles pegaram o jet ski e foram em dire\u00e7\u00e3o ao grupo que estava na \u00e1gua.<\/p>\n\n\n\n<p>&#8220;Encontramos os dois primeiros adolescentes, que estavam agarrados em caixas t\u00e9rmicas, boiando. Em seguida vi outras pessoas. Elas tentaram subir ao mesmo tempo e o jet ski virou, mas nisso a lancha chegou. Elas estavam sem coletes&#8221;, relata.<\/p>\n\n\n\n<p>De acordo com o Corpo de Bombeiros, \u00e9 obrigat\u00f3rio o uso de colete salva-vidas em embarca\u00e7\u00f5es. A investiga\u00e7\u00e3o tamb\u00e9m deve apontar quem era o piloto e se tinha autoriza\u00e7\u00e3o para pilotar o barco.<\/p>\n\n\n\n<figure class=\"wp-block-image\"><img decoding=\"async\" data-src=\"https:\/\/s04.video.glbimg.com\/x240\/8837859.jpg\" alt=\"Bombeiros encontram corpo de mulher que desapareceu ap\u00f3s barco virar em represa\" title=\"Bombeiros encontram corpo de mulher que desapareceu ap\u00f3s barco virar em represa\" src=\"data:image\/svg+xml;base64,PHN2ZyB3aWR0aD0iMSIgaGVpZ2h0PSIxIiB4bWxucz0iaHR0cDovL3d3dy53My5vcmcvMjAwMC9zdmciPjwvc3ZnPg==\" class=\"lazyload\" \/><\/figure>\n\n\n\n<p>COM G1 <\/p>\n","protected":false},"excerpt":{"rendered":"<p>Os bombeiros encontraram, na tarde da \u00faltima segunda-feira (7), o corpo da mulher de 44 anos que desapareceu ap\u00f3s uma\u00a0embarca\u00e7\u00e3o virar e afundar na represa&hellip; <\/p>\n","protected":false},"author":1,"featured_media":187211,"comment_status":"closed","ping_status":"closed","sticky":false,"template":"","format":"standard","meta":{"sfsi_plus_gutenberg_text_before_share":"","sfsi_plus_gutenberg_show_text_before_share":"","sfsi_plus_gutenberg_icon_type":"","sfsi_plus_gutenberg_icon_alignemt":"","sfsi_plus_gutenburg_max_per_row":"","footnotes":""},"categories":[2,12],"tags":[],"class_list":["post-187200","post","type-post","status-publish","format-standard","has-post-thumbnail","hentry","category-geral","category-policia"],"_links":{"self":[{"href":"https:\/\/www.caririemacao.com\/1\/wp-json\/wp\/v2\/posts\/187200","targetHints":{"allow":["GET"]}}],"collection":[{"href":"https:\/\/www.caririemacao.com\/1\/wp-json\/wp\/v2\/posts"}],"about":[{"href":"https:\/\/www.caririemacao.com\/1\/wp-json\/wp\/v2\/types\/post"}],"author":[{"embeddable":true,"href":"https:\/\/www.caririemacao.com\/1\/wp-json\/wp\/v2\/users\/1"}],"replies":[{"embeddable":true,"href":"https:\/\/www.caririemacao.com\/1\/wp-json\/wp\/v2\/comments?post=187200"}],"version-history":[{"count":1,"href":"https:\/\/www.caririemacao.com\/1\/wp-json\/wp\/v2\/posts\/187200\/revisions"}],"predecessor-version":[{"id":187212,"href":"https:\/\/www.caririemacao.com\/1\/wp-json\/wp\/v2\/posts\/187200\/revisions\/187212"}],"wp:featuredmedia":[{"embeddable":true,"href":"https:\/\/www.caririemacao.com\/1\/wp-json\/wp\/v2\/media\/187211"}],"wp:attachment":[{"href":"https:\/\/www.caririemacao.com\/1\/wp-json\/wp\/v2\/media?parent=187200"}],"wp:term":[{"taxonomy":"category","embeddable":true,"href":"https:\/\/www.caririemacao.com\/1\/wp-json\/wp\/v2\/categories?post=187200"},{"taxonomy":"post_tag","embeddable":true,"href":"https:\/\/www.caririemacao.com\/1\/wp-json\/wp\/v2\/tags?post=187200"}],"curies":[{"name":"wp","href":"https:\/\/api.w.org\/{rel}","templated":true}]}}