{"id":187206,"date":"2020-09-08T08:52:32","date_gmt":"2020-09-08T11:52:32","guid":{"rendered":"https:\/\/www.caririemacao.com\/1\/?p=187206"},"modified":"2020-09-08T08:52:32","modified_gmt":"2020-09-08T11:52:32","slug":"em-pronunciamento-na-tv-bolsonaro-diz-defender-democracia-mas-volta-a-celebrar-golpe-de-1964","status":"publish","type":"post","link":"https:\/\/www.caririemacao.com\/1\/2020\/09\/08\/em-pronunciamento-na-tv-bolsonaro-diz-defender-democracia-mas-volta-a-celebrar-golpe-de-1964\/","title":{"rendered":"Em pronunciamento na TV, Bolsonaro diz defender democracia, mas volta a celebrar golpe de 1964"},"content":{"rendered":"\n<h1 class=\"wp-block-heading\"><\/h1>\n\n\n\n<p>&#8220;Nos anos 60, quando a sombra do comunismo nos amea\u00e7ou, milh\u00f5es de brasileiros, identificados com os anseios nacionais de preserva\u00e7\u00e3o das institui\u00e7\u00f5es democr\u00e1ticas, foram \u00e0s ruas contra um pa\u00eds tomado pela radicaliza\u00e7\u00e3o ideol\u00f3gica, greves, desordem social e corrup\u00e7\u00e3o generalizada&#8221;, disse o presidente.<\/p>\n\n\n\n<p>As declara\u00e7\u00f5es foram dadas em rede de r\u00e1dio e TV, por ocasi\u00e3o das comemora\u00e7\u00f5es do Dia da Independ\u00eancia do Brasil.<\/p>\n\n\n\n<p>Ainda no pronunciamento, o presidente declarou se comprometer com os valores constitucionais e com a democracia.<\/p>\n\n\n\n<p>&#8220;No momento em que celebramos essa data t\u00e3o especial, reitero, como presidente da Rep\u00fablica, meu amor \u00e0 p\u00e1tria e meu compromisso com a Constitui\u00e7\u00e3o e com a preserva\u00e7\u00e3o da soberania, democracia e liberdade, valores dos quais nosso pa\u00eds jamais abrir\u00e1 m\u00e3o.&#8221;<\/p>\n\n\n\n<p>Neste ano, a cerim\u00f4nia de Sete de Setembro foi realizada no Pal\u00e1cio do Alvorada e foi mais enxuta que a de 2019, por conta da pandemia do novo coronav\u00edrus.<\/p>\n\n\n\n<p>A parada militar do Dia da Independ\u00eancia havia sido cancelada pelo Minist\u00e9rio da Defesa no in\u00edcio de agosto, quando portaria do ministro Fernando Azevedo orientou as For\u00e7as Armadas a se absterem de particular de &#8220;quaisquer eventos comemorativos&#8221; .<br>O objetivo era evitar aglomera\u00e7\u00f5es, em um momento em que o Brasil ainda sofre os efeitos da pandemia.<\/p>\n\n\n\n<p>Segundo o Pal\u00e1cio do Planalto, o evento reuniu de 1.000 a 2.000 apoiadores, n\u00fameros inferiores aos cerca de 30 mil do ano passado, quando as comemora\u00e7\u00f5es foram na Esplanada dos Minist\u00e9rios.<\/p>\n\n\n\n<p>No entanto, a mudan\u00e7a no formato e dimens\u00f5es n\u00e3o evitou aglomera\u00e7\u00f5es. O ato de 16 minutos de dura\u00e7\u00e3o fez as pessoas, muitas delas sem m\u00e1scara, se amontoarem para chegar perto do presidente Jair Bolsonaro, da primeira-dama, Michelle, e de ministros.<\/p>\n\n\n\n<p>A primeira-dama se dirigiu at\u00e9 o p\u00fablico para apertar as m\u00e3os de apoiadores. \u00c0 medida que ela se deslocava, dois servidores passavam oferecendo \u00e1lcool em gel \u00e0 plateia. Michelle ouviu gritos de &#8220;mita&#8221;, em alus\u00e3o ao apelido do marido.<\/p>\n\n\n\n<p>Filho mais velho do presidente, o senador Fl\u00e1vio Bolsonaro (Republicanos-RJ) se aproximou de m\u00e1scara, mas tirou o equipamento de prote\u00e7\u00e3o para fazer selfies com eleitores. O senador e Michelle s\u00e3o personagens do suposto esquema de &#8220;rachadinha&#8221; envolvendo Fabr\u00edcio Queiroz, amigo do presidente e ex-assessor de Fl\u00e1vio.<\/p>\n\n\n\n<p>Bolsonaro chegou no no Rolls Royce presidencial com crian\u00e7as que, em sua maioria, estavam sem m\u00e1scara, assim como o presidente. De acordo com a Secom (Secretaria de Comunica\u00e7\u00e3o da Presid\u00eancia), eram filhos de autoridades e convidados.<\/p>\n\n\n\n<p>Tamb\u00e9m participaram da cerim\u00f4nia comandantes das For\u00e7as Armadas e ministros do atual governo. Alguns deles, como Paulo Guedes (Economia), foram exaltados pelo p\u00fablico presente.<\/p>\n\n\n\n<p>O presidente do Supremo Tribunal Federal, ministro Dias Toffoli, chegou sem ser notado pelo p\u00fablico. Mas o presidente do Senado, Davi Alcolumbre (DEM-AP), foi vaiado ao sair do carro. O presidente da C\u00e2mara, Rodrigo Maia (DEM-RJ), mais uma vez n\u00e3o participou. Maia vive uma rela\u00e7\u00e3o tensa com Bolsonaro e deu sinais de rompimento com Paulo Guedes.<\/p>\n\n\n\n<p>Ap\u00f3s o evento, Bolsonaro participou de almo\u00e7o com Toffoli e demais ministros na resid\u00eancia do secret\u00e1rio especial de Assuntos Estrat\u00e9gicos, o almirante Fl\u00e1vio Rocha.<br>No ano passado, o presidente n\u00e3o realizou pronunciamentos em r\u00e1dio e televis\u00e3o. Em um v\u00eddeo distribu\u00eddo pela Secom, atacou advers\u00e1rios. &#8220;A independ\u00eancia de nada vale se n\u00e3o tivermos liberdade. Esta, por tantas e tantas vezes, amea\u00e7ada por brasileiros que n\u00e3o t\u00eam outro prop\u00f3sito a n\u00e3o ser o poder pelo poder&#8221;.<\/p>\n\n\n\n<p>O presidente havia aproveitado a cerim\u00f4nia para fazer um gesto p\u00fablico de apoio ao ent\u00e3o ministro Sergio Moro (Justi\u00e7a), desfilando abra\u00e7ado a ele. Bolsonaro havia causado constrangimento ao ex-juiz ao sinalizar a troca no comando da Pol\u00edcia Federal. O tema retornou neste ano e, em abril, Moro pediu demiss\u00e3o e acusou o chefe do Executivo de interfer\u00eancia pol\u00edtica na PF.<\/p>\n\n\n\n<p>O governo federal tamb\u00e9m havia adotado o slogan &#8220;Vamos valorizar o que \u00e9 nosso&#8221;, em um contexto de cr\u00edticas internacionais por conta das queimadas na Amaz\u00f4nia.<br>Antes do evento, Bolsonaro havia tuitado uma foto ao lado de Silvio Santos (SBT) e do bispo Edir Macedo (Universal e dono da Record TV), seus convidados especiais. No ano passado, mesmo diante de uma crise fiscal, Bolsonaro aumentou o desembolso para promover a cerim\u00f4nia c\u00edvica.<\/p>\n\n\n\n<p>O contrato assinado pela gest\u00e3o p\u00fablica para a montagem e organiza\u00e7\u00e3o da cerim\u00f4nia militar previa um custo de R$ 971,5 mil, 15% mais do que no ano anterior, em valores corrigidos pela infla\u00e7\u00e3o (IPCA). A Secom foi procurada, mas n\u00e3o informou o valor gasto com a cerim\u00f4nia deste ano.<\/p>\n","protected":false},"excerpt":{"rendered":"<p>&#8220;Nos anos 60, quando a sombra do comunismo nos amea\u00e7ou, milh\u00f5es de brasileiros, identificados com os anseios nacionais de preserva\u00e7\u00e3o das institui\u00e7\u00f5es democr\u00e1ticas, foram \u00e0s&hellip; <\/p>\n","protected":false},"author":2,"featured_media":187207,"comment_status":"closed","ping_status":"closed","sticky":false,"template":"","format":"standard","meta":{"sfsi_plus_gutenberg_text_before_share":"","sfsi_plus_gutenberg_show_text_before_share":"","sfsi_plus_gutenberg_icon_type":"","sfsi_plus_gutenberg_icon_alignemt":"","sfsi_plus_gutenburg_max_per_row":"","footnotes":""},"categories":[11],"tags":[],"class_list":["post-187206","post","type-post","status-publish","format-standard","has-post-thumbnail","hentry","category-politica"],"_links":{"self":[{"href":"https:\/\/www.caririemacao.com\/1\/wp-json\/wp\/v2\/posts\/187206","targetHints":{"allow":["GET"]}}],"collection":[{"href":"https:\/\/www.caririemacao.com\/1\/wp-json\/wp\/v2\/posts"}],"about":[{"href":"https:\/\/www.caririemacao.com\/1\/wp-json\/wp\/v2\/types\/post"}],"author":[{"embeddable":true,"href":"https:\/\/www.caririemacao.com\/1\/wp-json\/wp\/v2\/users\/2"}],"replies":[{"embeddable":true,"href":"https:\/\/www.caririemacao.com\/1\/wp-json\/wp\/v2\/comments?post=187206"}],"version-history":[{"count":1,"href":"https:\/\/www.caririemacao.com\/1\/wp-json\/wp\/v2\/posts\/187206\/revisions"}],"predecessor-version":[{"id":187208,"href":"https:\/\/www.caririemacao.com\/1\/wp-json\/wp\/v2\/posts\/187206\/revisions\/187208"}],"wp:featuredmedia":[{"embeddable":true,"href":"https:\/\/www.caririemacao.com\/1\/wp-json\/wp\/v2\/media\/187207"}],"wp:attachment":[{"href":"https:\/\/www.caririemacao.com\/1\/wp-json\/wp\/v2\/media?parent=187206"}],"wp:term":[{"taxonomy":"category","embeddable":true,"href":"https:\/\/www.caririemacao.com\/1\/wp-json\/wp\/v2\/categories?post=187206"},{"taxonomy":"post_tag","embeddable":true,"href":"https:\/\/www.caririemacao.com\/1\/wp-json\/wp\/v2\/tags?post=187206"}],"curies":[{"name":"wp","href":"https:\/\/api.w.org\/{rel}","templated":true}]}}