{"id":187210,"date":"2020-09-08T09:01:12","date_gmt":"2020-09-08T12:01:12","guid":{"rendered":"https:\/\/www.caririemacao.com\/1\/?p=187210"},"modified":"2020-09-08T09:01:12","modified_gmt":"2020-09-08T12:01:12","slug":"nao-roubei-o-tanto-que-esse-ai-roubou-diz-ex-prefeito-sobre-atual-no-interior-do-piaui","status":"publish","type":"post","link":"https:\/\/www.caririemacao.com\/1\/2020\/09\/08\/nao-roubei-o-tanto-que-esse-ai-roubou-diz-ex-prefeito-sobre-atual-no-interior-do-piaui\/","title":{"rendered":"&#8216;N\u00e3o roubei o tanto que esse a\u00ed roubou&#8217;, diz ex-prefeito sobre atual no interior do Piau\u00ed"},"content":{"rendered":"\n<figure class=\"wp-block-image\"><img decoding=\"async\" data-src=\"https:\/\/s01.video.glbimg.com\/x720\/8838292.jpg\" alt=\"Ex-prefeito de cidade do Piau\u00ed ataca atual: 'N\u00e3o roubei o tanto que esse a\u00ed roubou'\" title=\"Ex-prefeito de cidade do Piau\u00ed ataca atual: 'N\u00e3o roubei o tanto que esse a\u00ed roubou'\" src=\"data:image\/svg+xml;base64,PHN2ZyB3aWR0aD0iMSIgaGVpZ2h0PSIxIiB4bWxucz0iaHR0cDovL3d3dy53My5vcmcvMjAwMC9zdmciPjwvc3ZnPg==\" class=\"lazyload\" \/><\/figure>\n\n\n\n<p>O ex-prefeito de Cocal (PI) Jos\u00e9 Maria Mon\u00e7\u00e3o, do MDB, chamou aten\u00e7\u00e3o ao comparar seu governo com o do atual prefeito, Rubens Vieira (PSDB), durante conven\u00e7\u00e3o do MDB no domingo (6).<\/p>\n\n\n\n<blockquote class=\"wp-block-quote is-layout-flow wp-block-quote-is-layout-flow\"><p>&#8220;Fui prefeito 3 vezes, sei do sofrimento. Mas tamb\u00e9m n\u00e3o roubei o tanto que esse a\u00ed roubou, n\u00e3o. Esse \u00e9 descarado, est\u00e1 afundando Cocal&#8221;, afirmou Jos\u00e9 Mon\u00e7\u00e3o.<\/p><\/blockquote>\n\n\n\n<p>A fala foi durante discurso em apoio \u00e0 candidatura de Cristiano Brito para disputar a Prefeitura de Cocal pelo MDB nas elei\u00e7\u00f5es municipais deste ano.<\/p>\n\n\n\n<p>Entre rea\u00e7\u00f5es do p\u00fablico com palmas e risos, ele continuou. &#8220;Eu posso at\u00e9 ter tirado alguma coisa, dado pros pobres. Que na verdade ningu\u00e9m pode ser t\u00e3o sincero. Se eu tivesse sido t\u00e3o direito, eu n\u00e3o tinha ido preso, n\u00e9. Se eu fui preso, tem um motivo. O mais pol\u00edtico que rouba, rouba para dar pro povo. \u00c9 dif\u00edcil o cara roubar para si. Agora esse da\u00ed n\u00e3o, roubou para ele. A maior mans\u00e3o da cidade de Cocal \u00e9 a dele.&#8221;<\/p>\n\n\n\n<figure class=\"wp-block-image\"><img decoding=\"async\" data-src=\"https:\/\/s2.glbimg.com\/HkasqpVSUIqdqcQvMPs6vW6Zc58=\/0x0:892x498\/984x0\/smart\/filters:strip_icc()\/i.s3.glbimg.com\/v1\/AUTH_59edd422c0c84a879bd37670ae4f538a\/internal_photos\/bs\/2020\/R\/D\/akHAWHRdOvuoCaF4iDnQ\/exprefs.jpg\" alt=\"ex-prefeito de Cocal (PI) Jos\u00e9 Maria Mon\u00e7\u00e3o durante conven\u00e7\u00e3o do MDB \u2014 Foto: Reprodu\u00e7\u00e3o\" src=\"data:image\/svg+xml;base64,PHN2ZyB3aWR0aD0iMSIgaGVpZ2h0PSIxIiB4bWxucz0iaHR0cDovL3d3dy53My5vcmcvMjAwMC9zdmciPjwvc3ZnPg==\" class=\"lazyload\" \/><\/figure>\n\n\n\n<p>Jos\u00e9 Mon\u00e7\u00e3o foi preso em 2009\u00a0durante a Opera\u00e7\u00e3o Harpia da Pol\u00edcia Federal, acusado de participar de um\u00a0esquema que desviou mais de R$ 2,6 milh\u00f5es do Fundeb, o Fundo de Manuten\u00e7\u00e3o e Desenvolvimento da Educa\u00e7\u00e3o B\u00e1sica.\u00a0Em 2015, ele chegou a ser preso novamente\u00a0por crimes de responsabilidade praticados quando estava no cargo.<\/p>\n\n\n\n<p>Por nota, a assessoria do prefeito Rubens Vieira declarou rep\u00fadio ao que chamou de discurso de \u00f3dio e acusa\u00e7\u00f5es levianas de um advers\u00e1rio pol\u00edtico. Disse ainda que Jos\u00e9 Mon\u00e7\u00e3o tentou justificar suas a\u00e7\u00f5es expondo de forma indevida o atual prefeito, e que Vieira tem uma gest\u00e3o comprometida com o povo cocalense.<\/p>\n\n\n\n<p>COM G1<\/p>\n","protected":false},"excerpt":{"rendered":"<p>O ex-prefeito de Cocal (PI) Jos\u00e9 Maria Mon\u00e7\u00e3o, do MDB, chamou aten\u00e7\u00e3o ao comparar seu governo com o do atual prefeito, Rubens Vieira (PSDB), durante&hellip; <\/p>\n","protected":false},"author":1,"featured_media":187213,"comment_status":"closed","ping_status":"closed","sticky":false,"template":"","format":"standard","meta":{"sfsi_plus_gutenberg_text_before_share":"","sfsi_plus_gutenberg_show_text_before_share":"","sfsi_plus_gutenberg_icon_type":"","sfsi_plus_gutenberg_icon_alignemt":"","sfsi_plus_gutenburg_max_per_row":"","footnotes":""},"categories":[2,11],"tags":[],"class_list":["post-187210","post","type-post","status-publish","format-standard","has-post-thumbnail","hentry","category-geral","category-politica"],"_links":{"self":[{"href":"https:\/\/www.caririemacao.com\/1\/wp-json\/wp\/v2\/posts\/187210","targetHints":{"allow":["GET"]}}],"collection":[{"href":"https:\/\/www.caririemacao.com\/1\/wp-json\/wp\/v2\/posts"}],"about":[{"href":"https:\/\/www.caririemacao.com\/1\/wp-json\/wp\/v2\/types\/post"}],"author":[{"embeddable":true,"href":"https:\/\/www.caririemacao.com\/1\/wp-json\/wp\/v2\/users\/1"}],"replies":[{"embeddable":true,"href":"https:\/\/www.caririemacao.com\/1\/wp-json\/wp\/v2\/comments?post=187210"}],"version-history":[{"count":1,"href":"https:\/\/www.caririemacao.com\/1\/wp-json\/wp\/v2\/posts\/187210\/revisions"}],"predecessor-version":[{"id":187214,"href":"https:\/\/www.caririemacao.com\/1\/wp-json\/wp\/v2\/posts\/187210\/revisions\/187214"}],"wp:featuredmedia":[{"embeddable":true,"href":"https:\/\/www.caririemacao.com\/1\/wp-json\/wp\/v2\/media\/187213"}],"wp:attachment":[{"href":"https:\/\/www.caririemacao.com\/1\/wp-json\/wp\/v2\/media?parent=187210"}],"wp:term":[{"taxonomy":"category","embeddable":true,"href":"https:\/\/www.caririemacao.com\/1\/wp-json\/wp\/v2\/categories?post=187210"},{"taxonomy":"post_tag","embeddable":true,"href":"https:\/\/www.caririemacao.com\/1\/wp-json\/wp\/v2\/tags?post=187210"}],"curies":[{"name":"wp","href":"https:\/\/api.w.org\/{rel}","templated":true}]}}