{"id":18724,"date":"2017-04-30T12:19:07","date_gmt":"2017-04-30T15:19:07","guid":{"rendered":"http:\/\/caririemacao.com\/1\/?p=18724"},"modified":"2017-04-30T12:19:07","modified_gmt":"2017-04-30T15:19:07","slug":"eike-batista-e-solto-e-vai-cumprir-prisao-domiciliar-no-rio","status":"publish","type":"post","link":"https:\/\/www.caririemacao.com\/1\/2017\/04\/30\/eike-batista-e-solto-e-vai-cumprir-prisao-domiciliar-no-rio\/","title":{"rendered":"Eike Batista \u00e9 solto e vai cumprir pris\u00e3o domiciliar no Rio"},"content":{"rendered":"<p>O empres\u00e1rio\u00a0Eike Batista, preso no fim de janeiro na Opera\u00e7\u00e3o Efici\u00eancia, um desdobramento da\u00a0Lava Jato, foi solto na manh\u00e3 de hoje (30) e j\u00e1 est\u00e1 em casa no Jardim Bot\u00e2nico, na zona sul do Rio de Janeiro. O empres\u00e1rio \u00e9 r\u00e9u na Justi\u00e7a Federal do Rio por corrup\u00e7\u00e3o ativa, lavagem de dinheiro e organiza\u00e7\u00e3o criminosa.<\/p>\n<p>Na sexta-feira (28), o ministro do Supremo Tribunal Federal (STF) Gilmar Mendes mandou soltar o empres\u00e1rio.No s\u00e1bado (29), o juiz federal de plant\u00e3o, Gustavo Arruda Macedo, do 16\u00ba Juizado Especial Federal do Rio de Janeiro, determinou a pris\u00e3o domiciliar de Eike, que deve obedecer a nove medidas cautelares, entre as quais afastar-se da dire\u00e7\u00e3o das empresas envolvidas, em especial as do Grupo X, e n\u00e3o manter contato com qualquer pessoa que seja r\u00e9 ou investigada no processo que tramita na 7\u00aa Vara Federal Criminal do Rio de Janeiro ou em outros processos relacionados \u00e0 Lava Jato.<\/p>\n<p>Segundo as investiga\u00e7\u00f5es, Eike teria repassado 16,5 milh\u00f5es de d\u00f3lares em propina ao ent\u00e3o governador do Rio, S\u00e9rgio Cabral, por meio de contratos fraudulentos com o escrit\u00f3rio de advocacia da mulher de Cabral, Adriana Ancelmo, e uma a\u00e7\u00e3o fraudulenta que simulava a venda de uma mina de ouro, por interm\u00e9dio de um banco no Panam\u00e1. Em depoimento na Pol\u00edcia Federal, Eike confirmou o pagamento para tentar conseguir vantagens para as empresas do grupo EBX, presididas por ele.<\/p>\n<p><strong>CARIRI EM A\u00c7\u00c3O<\/strong><\/p>\n<p>Leia mais not\u00edcias em\u00a0<a href=\"http:\/\/www.caririemacao.com\/\">caririemacao.com<\/a>, siga nossa p\u00e1gina no<a href=\"https:\/\/www.facebook.com\/CaririEmAcao\/\">\u00a0Facebook<\/a>\u00a0e\u00a0<a href=\"https:\/\/www.instagram.com\/cariri_em_acao\/?hl=pt-br\">Instagram<\/a>\u00a0veja nossas mat\u00e9rias e fotos. Voc\u00ea tamb\u00e9m pode enviar informa\u00e7\u00f5es \u00e0 Reda\u00e7\u00e3o do Portal Cariri em A\u00e7\u00e3o pelo WhatsApp (83) 9 9634.5791, (83) 9 9601-1162.<\/p>\n","protected":false},"excerpt":{"rendered":"<p>O empres\u00e1rio\u00a0Eike Batista, preso no fim de janeiro na Opera\u00e7\u00e3o Efici\u00eancia, um desdobramento da\u00a0Lava Jato, foi solto na manh\u00e3 de hoje (30) e j\u00e1 est\u00e1&hellip; <\/p>\n","protected":false},"author":2,"featured_media":18725,"comment_status":"closed","ping_status":"closed","sticky":false,"template":"","format":"standard","meta":{"sfsi_plus_gutenberg_text_before_share":"","sfsi_plus_gutenberg_show_text_before_share":"","sfsi_plus_gutenberg_icon_type":"","sfsi_plus_gutenberg_icon_alignemt":"","sfsi_plus_gutenburg_max_per_row":"","footnotes":""},"categories":[11],"tags":[],"class_list":["post-18724","post","type-post","status-publish","format-standard","has-post-thumbnail","hentry","category-politica"],"_links":{"self":[{"href":"https:\/\/www.caririemacao.com\/1\/wp-json\/wp\/v2\/posts\/18724","targetHints":{"allow":["GET"]}}],"collection":[{"href":"https:\/\/www.caririemacao.com\/1\/wp-json\/wp\/v2\/posts"}],"about":[{"href":"https:\/\/www.caririemacao.com\/1\/wp-json\/wp\/v2\/types\/post"}],"author":[{"embeddable":true,"href":"https:\/\/www.caririemacao.com\/1\/wp-json\/wp\/v2\/users\/2"}],"replies":[{"embeddable":true,"href":"https:\/\/www.caririemacao.com\/1\/wp-json\/wp\/v2\/comments?post=18724"}],"version-history":[{"count":0,"href":"https:\/\/www.caririemacao.com\/1\/wp-json\/wp\/v2\/posts\/18724\/revisions"}],"wp:featuredmedia":[{"embeddable":true,"href":"https:\/\/www.caririemacao.com\/1\/wp-json\/wp\/v2\/media\/18725"}],"wp:attachment":[{"href":"https:\/\/www.caririemacao.com\/1\/wp-json\/wp\/v2\/media?parent=18724"}],"wp:term":[{"taxonomy":"category","embeddable":true,"href":"https:\/\/www.caririemacao.com\/1\/wp-json\/wp\/v2\/categories?post=18724"},{"taxonomy":"post_tag","embeddable":true,"href":"https:\/\/www.caririemacao.com\/1\/wp-json\/wp\/v2\/tags?post=18724"}],"curies":[{"name":"wp","href":"https:\/\/api.w.org\/{rel}","templated":true}]}}