{"id":187248,"date":"2020-09-08T10:39:50","date_gmt":"2020-09-08T13:39:50","guid":{"rendered":"https:\/\/www.caririemacao.com\/1\/?p=187248"},"modified":"2020-09-08T10:39:50","modified_gmt":"2020-09-08T13:39:50","slug":"policia-apreende-tijolos-de-cocaina-e-helicoptero-usado-no-transporte-ate-mata-em-piedade-piloto-foi-preso","status":"publish","type":"post","link":"https:\/\/www.caririemacao.com\/1\/2020\/09\/08\/policia-apreende-tijolos-de-cocaina-e-helicoptero-usado-no-transporte-ate-mata-em-piedade-piloto-foi-preso\/","title":{"rendered":"Pol\u00edcia apreende tijolos de coca\u00edna e helic\u00f3ptero usado no transporte at\u00e9 mata em Piedade; piloto foi preso"},"content":{"rendered":"\n<p>A Pol\u00edcia Militar apreendeu dezenas de tijolos de pasta base de coca\u00edna deixados por um helic\u00f3ptero em uma \u00e1rea de mata em Piedade, na noite desta segunda-feira (7). A aeronave e o piloto tamb\u00e9m foram apreendidos.<\/p>\n\n\n\n<p>Segundo a pol\u00edcia, o suspeito usou o helic\u00f3ptero para transportar a droga at\u00e9 Piedade. Testemunhas denunciaram a a\u00e7\u00e3o \u00e0 pol\u00edcia mas, quando a equipe chegou ao local, o homem decolou com a aeronave.<\/p>\n\n\n\n<figure class=\"wp-block-image\"><img decoding=\"async\" data-src=\"https:\/\/s2.glbimg.com\/To42m-JraY4rczyqxHDuPfbFx30=\/0x0:1024x768\/984x0\/smart\/filters:strip_icc()\/i.s3.glbimg.com\/v1\/AUTH_59edd422c0c84a879bd37670ae4f538a\/internal_photos\/bs\/2020\/q\/0\/1d5WA7SAqqB74et48WHg\/whatsapp-image-2020-09-08-at-07.15.00.jpeg\" alt=\"Muitos tijolos de pasta base de coca\u00edna foram apreendidos em Piedade \u2014 Foto: Pol\u00edcia Militar\/Divulga\u00e7\u00e3o\" src=\"data:image\/svg+xml;base64,PHN2ZyB3aWR0aD0iMSIgaGVpZ2h0PSIxIiB4bWxucz0iaHR0cDovL3d3dy53My5vcmcvMjAwMC9zdmciPjwvc3ZnPg==\" class=\"lazyload\" \/><\/figure>\n\n\n\n<p>Muitos tijolos de pasta base de coca\u00edna foram apreendidos em Piedade \u2014 Foto: Pol\u00edcia Militar\/Divulga\u00e7\u00e3o<\/p>\n\n\n\n<p>Pouco tempo depois, o helic\u00f3ptero foi encontrado pousando em uma \u00e1rea do hospital de campanha de Ibi\u00fana (SP), cidade vizinha de Piedade. De acordo com a Pol\u00edcia Militar, ele foi preso e a aeronave e as drogas apreendidas.<\/p>\n\n\n\n<p>O caso foi registrado na Delegacia de Pol\u00edcia Federal de Sorocaba (SP). Mais de 200 tijolos foram apreendidos. Com o homem, a pol\u00edcia encontrou dois celulares, uma mochila com o gps da aeronave e R$ 1,2 mil.<\/p>\n\n\n\n<figure class=\"wp-block-image\"><img decoding=\"async\" data-src=\"https:\/\/s2.glbimg.com\/X2LV19mtE5iQ3VUCJJoDIRkGY2g=\/0x0:768x1024\/984x0\/smart\/filters:strip_icc()\/i.s3.glbimg.com\/v1\/AUTH_59edd422c0c84a879bd37670ae4f538a\/internal_photos\/bs\/2020\/9\/0\/gtQrArQTGw3qmq3KYmgw\/whatsapp-image-2020-09-08-at-07.16.02.jpeg\" alt=\"Droga apreendida foi encontrada em \u00e1rea de mata em Piedade \u2014 Foto: Pol\u00edcia Militar\/Divulga\u00e7\u00e3o\" src=\"data:image\/svg+xml;base64,PHN2ZyB3aWR0aD0iMSIgaGVpZ2h0PSIxIiB4bWxucz0iaHR0cDovL3d3dy53My5vcmcvMjAwMC9zdmciPjwvc3ZnPg==\" class=\"lazyload\" \/><\/figure>\n\n\n\n<p>Droga apreendida foi encontrada em \u00e1rea de mata em Piedade \u2014 Foto: Pol\u00edcia Militar\/Divulga\u00e7\u00e3o<\/p>\n\n\n\n<figure class=\"wp-block-image\"><img decoding=\"async\" data-src=\"https:\/\/s2.glbimg.com\/VfKZYtdL28OmdZ_aNv1fB5I5tto=\/0x0:1040x780\/984x0\/smart\/filters:strip_icc()\/i.s3.glbimg.com\/v1\/AUTH_59edd422c0c84a879bd37670ae4f538a\/internal_photos\/bs\/2020\/P\/Q\/toC8tWQGaXtqFSSPzeXw\/whatsapp-image-2020-09-08-at-07.15.52-1-.jpeg\" alt=\"Policiais apreenderam helic\u00f3ptero que transportou drogas at\u00e9 Piedade (SP) \u2014 Foto: Pol\u00edcia Militar\/Divulga\u00e7\u00e3o\" src=\"data:image\/svg+xml;base64,PHN2ZyB3aWR0aD0iMSIgaGVpZ2h0PSIxIiB4bWxucz0iaHR0cDovL3d3dy53My5vcmcvMjAwMC9zdmciPjwvc3ZnPg==\" class=\"lazyload\" \/><\/figure>\n\n\n\n<p>Policiais apreenderam helic\u00f3ptero que transportou drogas at\u00e9 Piedade (SP) \u2014 Foto: Pol\u00edcia Militar\/Divulga\u00e7\u00e3o<\/p>\n\n\n\n<figure class=\"wp-block-image\"><img decoding=\"async\" data-src=\"https:\/\/s2.glbimg.com\/yOLNzyLq1U5FcpXWBpGL3o3Wjmc=\/0x299:780x922\/984x0\/smart\/filters:strip_icc()\/i.s3.glbimg.com\/v1\/AUTH_59edd422c0c84a879bd37670ae4f538a\/internal_photos\/bs\/2020\/W\/O\/hCDBGARBqeTUvw0T3K8g\/cocaina-helicoptero.jpeg\" alt=\"Pasta base de coca\u00edna foi apreendida em Piedade (SP) \u2014 Foto: Divulga\u00e7\u00e3o\/Pol\u00edcia Militar\" src=\"data:image\/svg+xml;base64,PHN2ZyB3aWR0aD0iMSIgaGVpZ2h0PSIxIiB4bWxucz0iaHR0cDovL3d3dy53My5vcmcvMjAwMC9zdmciPjwvc3ZnPg==\" class=\"lazyload\" \/><\/figure>\n\n\n\n<p>Pasta base de coca\u00edna foi apreendida em Piedade (SP) \u2014 Foto: Divulga\u00e7\u00e3o\/Pol\u00edcia Militar<\/p>\n\n\n\n<p>COM G1<\/p>\n","protected":false},"excerpt":{"rendered":"<p>A Pol\u00edcia Militar apreendeu dezenas de tijolos de pasta base de coca\u00edna deixados por um helic\u00f3ptero em uma \u00e1rea de mata em Piedade, na noite&hellip; <\/p>\n","protected":false},"author":1,"featured_media":187263,"comment_status":"closed","ping_status":"closed","sticky":false,"template":"","format":"standard","meta":{"sfsi_plus_gutenberg_text_before_share":"","sfsi_plus_gutenberg_show_text_before_share":"","sfsi_plus_gutenberg_icon_type":"","sfsi_plus_gutenberg_icon_alignemt":"","sfsi_plus_gutenburg_max_per_row":"","footnotes":""},"categories":[6,12],"tags":[],"class_list":["post-187248","post","type-post","status-publish","format-standard","has-post-thumbnail","hentry","category-cidades","category-policia"],"_links":{"self":[{"href":"https:\/\/www.caririemacao.com\/1\/wp-json\/wp\/v2\/posts\/187248","targetHints":{"allow":["GET"]}}],"collection":[{"href":"https:\/\/www.caririemacao.com\/1\/wp-json\/wp\/v2\/posts"}],"about":[{"href":"https:\/\/www.caririemacao.com\/1\/wp-json\/wp\/v2\/types\/post"}],"author":[{"embeddable":true,"href":"https:\/\/www.caririemacao.com\/1\/wp-json\/wp\/v2\/users\/1"}],"replies":[{"embeddable":true,"href":"https:\/\/www.caririemacao.com\/1\/wp-json\/wp\/v2\/comments?post=187248"}],"version-history":[{"count":1,"href":"https:\/\/www.caririemacao.com\/1\/wp-json\/wp\/v2\/posts\/187248\/revisions"}],"predecessor-version":[{"id":187264,"href":"https:\/\/www.caririemacao.com\/1\/wp-json\/wp\/v2\/posts\/187248\/revisions\/187264"}],"wp:featuredmedia":[{"embeddable":true,"href":"https:\/\/www.caririemacao.com\/1\/wp-json\/wp\/v2\/media\/187263"}],"wp:attachment":[{"href":"https:\/\/www.caririemacao.com\/1\/wp-json\/wp\/v2\/media?parent=187248"}],"wp:term":[{"taxonomy":"category","embeddable":true,"href":"https:\/\/www.caririemacao.com\/1\/wp-json\/wp\/v2\/categories?post=187248"},{"taxonomy":"post_tag","embeddable":true,"href":"https:\/\/www.caririemacao.com\/1\/wp-json\/wp\/v2\/tags?post=187248"}],"curies":[{"name":"wp","href":"https:\/\/api.w.org\/{rel}","templated":true}]}}