{"id":187252,"date":"2020-09-08T10:32:05","date_gmt":"2020-09-08T13:32:05","guid":{"rendered":"https:\/\/www.caririemacao.com\/1\/?p=187252"},"modified":"2020-09-08T10:32:05","modified_gmt":"2020-09-08T13:32:05","slug":"brincar-na-natureza-traz-beneficios-para-a-saude-das-criancas","status":"publish","type":"post","link":"https:\/\/www.caririemacao.com\/1\/2020\/09\/08\/brincar-na-natureza-traz-beneficios-para-a-saude-das-criancas\/","title":{"rendered":"brincar na natureza traz benef\u00edcios para a sa\u00fade das crian\u00e7as"},"content":{"rendered":"\n<h2 class=\"wp-block-heading\"><\/h2>\n\n\n\n<p>No dia 11 de setembro comemora-se o Dia Nacional do Cerrado. O bioma abriga cerca de 200 esp\u00e9cies de mam\u00edferos, 800 esp\u00e9cies de aves, 180 de r\u00e9pteis, 150 de anf\u00edbios e 1200 esp\u00e9cies de peixes.<img decoding=\"async\" data-src=\"https:\/\/agenciabrasil.ebc.com.br\/ebc.png?id=1387260&amp;o=node\" src=\"data:image\/svg+xml;base64,PHN2ZyB3aWR0aD0iMSIgaGVpZ2h0PSIxIiB4bWxucz0iaHR0cDovL3d3dy53My5vcmcvMjAwMC9zdmciPjwvc3ZnPg==\" class=\"lazyload\"><img decoding=\"async\" data-src=\"https:\/\/agenciabrasil.ebc.com.br\/ebc.gif?id=1387260&amp;o=node\" src=\"data:image\/svg+xml;base64,PHN2ZyB3aWR0aD0iMSIgaGVpZ2h0PSIxIiB4bWxucz0iaHR0cDovL3d3dy53My5vcmcvMjAwMC9zdmciPjwvc3ZnPg==\" class=\"lazyload\"><\/p>\n\n\n\n<p>Para marcar a data, a&nbsp;<strong>Ag\u00eancia Brasil<\/strong>&nbsp;publica hoje (8) a pen\u00faltima reportagem, de uma s\u00e9rie de quatro, em homenagem ao bioma. O tema da terceira reportagem \u00e9 a intera\u00e7\u00e3o da crian\u00e7a com o Cerrado por meio do brincar l\u00fadico e natural.<\/p>\n\n\n\n<p>\u00c9 comum as fam\u00edlias estipularem um limite di\u00e1rio para a&nbsp;crian\u00e7a ter contato com telas como de celulares,<em>&nbsp;tablets<\/em>, computadores e televisores. Mas quanto tempo as fam\u00edlias proporcionam de contato da crian\u00e7a com a natureza em sua rotina?<\/p>\n\n\n\n<p>A Sociedade Brasileira de Pediatria recomenda que crian\u00e7as e adolescentes interajam com a natureza uma hora por dia para que desenvolvam sa\u00fade f\u00edsica, mental, emocional e social.<\/p>\n\n\n\n<p>Diversos estudos mostram os benef\u00edcios que o contato com a natureza proporciona. O&nbsp;<a href=\"https:\/\/www.sbp.com.br\/fileadmin\/user_upload\/manual_orientacao_sbp_cen_.pdf\" target=\"_blank\" rel=\"noreferrer noopener\">manual de orienta\u00e7\u00e3o<\/a>&nbsp;do programa Crian\u00e7a e Natureza, elaborado em parceria com a Sociedade Brasileira de Pediatria, mostra que o conv\u00edvio com a natureza melhora o controle de doen\u00e7as cr\u00f4nicas como diabetes, asma e&nbsp;obesidade, al\u00e9m de favorecer o desenvolvimento neuropsicomotor, reduzir problemas de comportamento, proporcionar bem-estar mental e&nbsp;melhorar os n\u00edveis de vitamina D.<\/p>\n\n\n\n<p>O contato com natureza tamb\u00e9m colabora para a criatividade, autoconfian\u00e7a, capacidade de tomar decis\u00f5es e resolver problemas, desenvolvimento de m\u00faltiplas linguagens, concentra\u00e7\u00e3o e melhora a coordena\u00e7\u00e3o motora e a qualidade do sono. Tamb\u00e9m desperta para o encantamento, a empatia e o senso de pertencimento.<\/p>\n\n\n\n<p>Agora com a pandemia do novo coronav\u00edrus, pediatras indicam \u00e0s fam\u00edlias que brinquem com as crian\u00e7as ao ar livre, sem aglomera\u00e7\u00e3o.<\/p>\n\n\n\n<figure class=\"wp-block-image\"><img decoding=\"async\" data-src=\"https:\/\/imagens.ebc.com.br\/9rW6zJZkiwJ9-4ciBmWnhDhBavs=\/754x0\/smart\/https:\/\/agenciabrasil.ebc.com.br\/sites\/default\/files\/thumbnails\/image\/crianca._cerrado_natureza_2011191018.jpg?itok=vZ1s0bk4\" alt=\"Crian\u00e7a. Cerrado, Natureza\" title=\"Liliane Farias\/Ag\u00eancia Brasil\" src=\"data:image\/svg+xml;base64,PHN2ZyB3aWR0aD0iMSIgaGVpZ2h0PSIxIiB4bWxucz0iaHR0cDovL3d3dy53My5vcmcvMjAwMC9zdmciPjwvc3ZnPg==\" class=\"lazyload\" \/><\/figure>\n\n\n\n<h6 class=\"wp-block-heading\">Estimular a observa\u00e7\u00e3o dos elementos da natureza e brincar com eles&nbsp;livremente favorece o bem estar emocional das crian\u00e7as &#8211;&nbsp;<strong>Liliane Farias\/Ag\u00eancia Brasil<\/strong><\/h6>\n\n\n\n<p>Nesta \u00e9poca do ano, em plena seca, o Cerrado floresce e encanta. Em meio ao cen\u00e1rio de tons alaranjados, os ip\u00eas, cagaitas, caliandras e&nbsp;pequizeiros surpreendem e colorem a paisagem,&nbsp;instigando&nbsp;os mais curiosos a colherem flores, sementes e galhos. Esses elementos podem ser apenas o primeiro passo para uma nova brincadeira.<\/p>\n\n\n\n<p>A contempla\u00e7\u00e3o \u00e9 outra op\u00e7\u00e3o para se entreter no Cerrado. Observar o \u201cc\u00e9u azul de nuvens doidas\u201d, ver aves como o carcar\u00e1, o tucanu\u00e7u, a coruja-buraqueira. Contar as varia\u00e7\u00f5es dos tons de verde, amarelo e marrom. Apreciar as nascentes e as in\u00fameras cachoeiras que ainda brotam no bioma mais amea\u00e7ado do Brasil. Fazer trilhas. Encontrar pedras. Identificar e catalogar as \u00e1rvores.&nbsp;<\/p>\n\n\n\n<h2 class=\"wp-block-heading\">Quintal brincante<\/h2>\n\n\n\n<figure class=\"wp-block-image\"><img decoding=\"async\" data-src=\"https:\/\/imagens.ebc.com.br\/pWcBJ-mPblebNx_nD6P68xG2tQk=\/365x0\/smart\/https:\/\/agenciabrasil.ebc.com.br\/sites\/default\/files\/thumbnails\/image\/whatsapp_image_2020-09-07_at_23.12.49.jpeg?itok=JMfbUSW5\" alt=\"Kelma Oliveira, fundadora e criadora do Fava de Bolota\" title=\"Acervo Pessoal \/ Kelma Oliveira\" src=\"data:image\/svg+xml;base64,PHN2ZyB3aWR0aD0iMSIgaGVpZ2h0PSIxIiB4bWxucz0iaHR0cDovL3d3dy53My5vcmcvMjAwMC9zdmciPjwvc3ZnPg==\" class=\"lazyload\" \/><\/figure>\n\n\n\n<h6 class=\"wp-block-heading\">Kelma Oliveira, fundadora e criadora da escola&nbsp;Fava de Bolota &#8211;&nbsp;<strong>Acervo Pessoal&nbsp;<\/strong><\/h6>\n\n\n\n<p>Em 2018, Kelma Oliveira largou 20 anos dedicados ao mundo&nbsp;corporativo e fundou a&nbsp;<a href=\"https:\/\/www.instagram.com\/favadebolota\/?hl=pt-br\" target=\"_blank\" rel=\"noreferrer noopener\">Fava de Bolota<\/a>, um quintal brincante l\u00fadico e natural em Palmas, capital de&nbsp;Tocantins.&nbsp;A escola de educa\u00e7\u00e3o complementar&nbsp;atende crian\u00e7as de 2 a 9 anos e prop\u00f5e o livre brincar com a natureza.<\/p>\n\n\n\n<p>\u201cNo come\u00e7o, o p\u00fablico-alvo&nbsp;era&nbsp;filhos de fam\u00edlias que se conectam com o universo natural, muitas pessoas veganas e vegetarianas. O tempo foi passando e outras pessoas foram nos procurando. Pessoas indicadas por pediatras e psic\u00f3logos que dizem que essas crian\u00e7as precisam&nbsp;brincar livre&nbsp;com o ambiente natural. E tamb\u00e9m nos procuram pais de crian\u00e7as que est\u00e3o altamente intoxicadas pela tecnologia, que n\u00e3o vivem sem o celular, que jogam o tempo inteiro. Tem fam\u00edlias que nos ligam pedindo socorro, para que elas passem por uma desintoxica\u00e7\u00e3o\u201d, revela Kelma.<\/p>\n\n\n\n<blockquote class=\"wp-block-quote is-layout-flow wp-block-quote-is-layout-flow\"><p>\u201cAs crian\u00e7as que se conectam com a natureza s\u00e3o potenciais transformadores. As crian\u00e7as conseguem levar pra casa a simplicidade da natureza. E proporcionam o encantamento da natureza. O eco est\u00e1 checando na fam\u00edlia. As fam\u00edlias v\u00e3o sendo impactadas e v\u00e3o mudando os programas familiares.\u201d<\/p><\/blockquote>\n","protected":false},"excerpt":{"rendered":"<p>No dia 11 de setembro comemora-se o Dia Nacional do Cerrado. O bioma abriga cerca de 200 esp\u00e9cies de mam\u00edferos, 800 esp\u00e9cies de aves, 180&hellip; <\/p>\n","protected":false},"author":2,"featured_media":187254,"comment_status":"closed","ping_status":"closed","sticky":false,"template":"","format":"standard","meta":{"sfsi_plus_gutenberg_text_before_share":"","sfsi_plus_gutenberg_show_text_before_share":"","sfsi_plus_gutenberg_icon_type":"","sfsi_plus_gutenberg_icon_alignemt":"","sfsi_plus_gutenburg_max_per_row":"","footnotes":""},"categories":[16],"tags":[],"class_list":["post-187252","post","type-post","status-publish","format-standard","has-post-thumbnail","hentry","category-saude"],"_links":{"self":[{"href":"https:\/\/www.caririemacao.com\/1\/wp-json\/wp\/v2\/posts\/187252","targetHints":{"allow":["GET"]}}],"collection":[{"href":"https:\/\/www.caririemacao.com\/1\/wp-json\/wp\/v2\/posts"}],"about":[{"href":"https:\/\/www.caririemacao.com\/1\/wp-json\/wp\/v2\/types\/post"}],"author":[{"embeddable":true,"href":"https:\/\/www.caririemacao.com\/1\/wp-json\/wp\/v2\/users\/2"}],"replies":[{"embeddable":true,"href":"https:\/\/www.caririemacao.com\/1\/wp-json\/wp\/v2\/comments?post=187252"}],"version-history":[{"count":1,"href":"https:\/\/www.caririemacao.com\/1\/wp-json\/wp\/v2\/posts\/187252\/revisions"}],"predecessor-version":[{"id":187255,"href":"https:\/\/www.caririemacao.com\/1\/wp-json\/wp\/v2\/posts\/187252\/revisions\/187255"}],"wp:featuredmedia":[{"embeddable":true,"href":"https:\/\/www.caririemacao.com\/1\/wp-json\/wp\/v2\/media\/187254"}],"wp:attachment":[{"href":"https:\/\/www.caririemacao.com\/1\/wp-json\/wp\/v2\/media?parent=187252"}],"wp:term":[{"taxonomy":"category","embeddable":true,"href":"https:\/\/www.caririemacao.com\/1\/wp-json\/wp\/v2\/categories?post=187252"},{"taxonomy":"post_tag","embeddable":true,"href":"https:\/\/www.caririemacao.com\/1\/wp-json\/wp\/v2\/tags?post=187252"}],"curies":[{"name":"wp","href":"https:\/\/api.w.org\/{rel}","templated":true}]}}