{"id":187257,"date":"2020-09-08T10:42:59","date_gmt":"2020-09-08T13:42:59","guid":{"rendered":"https:\/\/www.caririemacao.com\/1\/?p=187257"},"modified":"2020-09-08T10:42:59","modified_gmt":"2020-09-08T13:42:59","slug":"adolescente-morre-ao-cair-de-cachoeira-com-a-mae-em-mg","status":"publish","type":"post","link":"https:\/\/www.caririemacao.com\/1\/2020\/09\/08\/adolescente-morre-ao-cair-de-cachoeira-com-a-mae-em-mg\/","title":{"rendered":"Adolescente morre ao cair de cachoeira com a m\u00e3e em MG"},"content":{"rendered":"\n<p>Um adolescente de 13 anos morreu ao cair de uma cachoeira na zona rural de Pedralva (MG). O acidente foi no fim da tarde do feriado desta segunda-feira (7).<\/p>\n\n\n\n<p>Segundo o Corpo de Bombeiros, ele sofreu a queda de uma altura de aproximadamente 15 metros, ao lado da m\u00e3e, de 46 anos. A funer\u00e1ria de Pedralva informou que a fam\u00edlia \u00e9 do Rio de Janeiro (RJ), mas h\u00e1 um m\u00eas estava na cidade mineira em isolamento social na casa da av\u00f3.<\/p>\n\n\n\n<figure class=\"wp-block-image\"><img decoding=\"async\" data-src=\"https:\/\/s03.video.glbimg.com\/x240\/8838618.jpg\" alt=\"Adolescente morre ao cair de cachoeira com a m\u00e3e em Pedralva, MG\" title=\"Adolescente morre ao cair de cachoeira com a m\u00e3e em Pedralva, MG\" src=\"data:image\/svg+xml;base64,PHN2ZyB3aWR0aD0iMSIgaGVpZ2h0PSIxIiB4bWxucz0iaHR0cDovL3d3dy53My5vcmcvMjAwMC9zdmciPjwvc3ZnPg==\" class=\"lazyload\" \/><\/figure>\n\n\n\n<p>Adolescente morre ao cair de cachoeira com a m\u00e3e em Pedralva, MG<\/p>\n\n\n\n<p>Uma equipe dos bombeiros foi chamada ap\u00f3s a queda, mas o menino n\u00e3o resistiu. A mulher ficou ferida e sem conseguir se locomover. Ela foi resgatada pelo helic\u00f3ptero Arcanjo e levada a um hospital de Pedralva.<\/p>\n\n\n\n<p>O local \u00e9 de dif\u00edcil acesso e os bombeiros usaram equipamentos especiais, junto com o helic\u00f3ptero, para conseguir o resgate. Os bombeiros n\u00e3o informaram a identidade das v\u00edtimas. At\u00e9 a \u00faltima atualiza\u00e7\u00e3o desta reportagem, n\u00e3o havia detalhes sobre o estado de sa\u00fade da mulher .<\/p>\n\n\n\n<p>O corpo do adolescente foi levado ao Instituto M\u00e9dico Legal (IML) de Itajub\u00e1 e ser\u00e1 encaminhado ao Rio de Janeiro, onde ser\u00e1 sepultado.<\/p>\n\n\n\n<figure class=\"wp-block-image\"><img decoding=\"async\" data-src=\"https:\/\/s2.glbimg.com\/mQ7WNTRlINHvBCFSbImmIu7Ab_k=\/0x0:590x519\/984x0\/smart\/filters:strip_icc()\/i.s3.glbimg.com\/v1\/AUTH_59edd422c0c84a879bd37670ae4f538a\/internal_photos\/bs\/2020\/4\/v\/heZaGARcyLOFB8g9Z1EQ\/cachoeiras-2-.jpeg\" alt=\"Mulher de 46 anos foi levada de helic\u00f3ptero ap\u00f3s queda de cachoeira em Pedralva (MG) \u2014 Foto: Corpo de Bombeiros\" src=\"data:image\/svg+xml;base64,PHN2ZyB3aWR0aD0iMSIgaGVpZ2h0PSIxIiB4bWxucz0iaHR0cDovL3d3dy53My5vcmcvMjAwMC9zdmciPjwvc3ZnPg==\" class=\"lazyload\" \/><\/figure>\n\n\n\n<p>Mulher de 46 anos foi levada de helic\u00f3ptero ap\u00f3s queda de cachoeira em Pedralva (MG) \u2014 Foto: Corpo de Bombeiros<\/p>\n\n\n\n<p>COM G1<\/p>\n","protected":false},"excerpt":{"rendered":"<p>Um adolescente de 13 anos morreu ao cair de uma cachoeira na zona rural de Pedralva (MG). O acidente foi no fim da tarde do&hellip; <\/p>\n","protected":false},"author":1,"featured_media":187265,"comment_status":"closed","ping_status":"closed","sticky":false,"template":"","format":"standard","meta":{"sfsi_plus_gutenberg_text_before_share":"","sfsi_plus_gutenberg_show_text_before_share":"","sfsi_plus_gutenberg_icon_type":"","sfsi_plus_gutenberg_icon_alignemt":"","sfsi_plus_gutenburg_max_per_row":"","footnotes":""},"categories":[50,2],"tags":[],"class_list":["post-187257","post","type-post","status-publish","format-standard","has-post-thumbnail","hentry","category-destaque","category-geral"],"_links":{"self":[{"href":"https:\/\/www.caririemacao.com\/1\/wp-json\/wp\/v2\/posts\/187257","targetHints":{"allow":["GET"]}}],"collection":[{"href":"https:\/\/www.caririemacao.com\/1\/wp-json\/wp\/v2\/posts"}],"about":[{"href":"https:\/\/www.caririemacao.com\/1\/wp-json\/wp\/v2\/types\/post"}],"author":[{"embeddable":true,"href":"https:\/\/www.caririemacao.com\/1\/wp-json\/wp\/v2\/users\/1"}],"replies":[{"embeddable":true,"href":"https:\/\/www.caririemacao.com\/1\/wp-json\/wp\/v2\/comments?post=187257"}],"version-history":[{"count":1,"href":"https:\/\/www.caririemacao.com\/1\/wp-json\/wp\/v2\/posts\/187257\/revisions"}],"predecessor-version":[{"id":187266,"href":"https:\/\/www.caririemacao.com\/1\/wp-json\/wp\/v2\/posts\/187257\/revisions\/187266"}],"wp:featuredmedia":[{"embeddable":true,"href":"https:\/\/www.caririemacao.com\/1\/wp-json\/wp\/v2\/media\/187265"}],"wp:attachment":[{"href":"https:\/\/www.caririemacao.com\/1\/wp-json\/wp\/v2\/media?parent=187257"}],"wp:term":[{"taxonomy":"category","embeddable":true,"href":"https:\/\/www.caririemacao.com\/1\/wp-json\/wp\/v2\/categories?post=187257"},{"taxonomy":"post_tag","embeddable":true,"href":"https:\/\/www.caririemacao.com\/1\/wp-json\/wp\/v2\/tags?post=187257"}],"curies":[{"name":"wp","href":"https:\/\/api.w.org\/{rel}","templated":true}]}}