{"id":187258,"date":"2020-09-08T11:15:57","date_gmt":"2020-09-08T14:15:57","guid":{"rendered":"https:\/\/www.caririemacao.com\/1\/?p=187258"},"modified":"2020-09-08T11:15:57","modified_gmt":"2020-09-08T14:15:57","slug":"participacao-das-mulheres-no-mercado-de-trabalho-e-a-menor-em-30-anos-diz-ipea","status":"publish","type":"post","link":"https:\/\/www.caririemacao.com\/1\/2020\/09\/08\/participacao-das-mulheres-no-mercado-de-trabalho-e-a-menor-em-30-anos-diz-ipea\/","title":{"rendered":"Participa\u00e7\u00e3o das mulheres no mercado de trabalho \u00e9 a menor em 30 anos, diz Ipea"},"content":{"rendered":"\n<p>O desemprego na pandemia atingiu com mais for\u00e7a as trabalhadoras no Brasil. De acordo com um levantamento do Instituto de Pesquisa Econ\u00f4mica Aplicada, o Ipea, a participa\u00e7\u00e3o das mulheres no mercado de trabalho \u00e9 a menor em 30 anos.<\/p>\n\n\n\n<p>Em junho, N\u00fabia estava feliz: tinha acabado de ser contratada depois de meses de procura. Mas o emprego como recepcionista durou s\u00f3 12 dias.<\/p>\n\n\n\n<p>N\u00e3o foi s\u00f3 com a N\u00fabia. Tem mais mulheres fora do mercado de trabalho do que dentro dele. A participa\u00e7\u00e3o delas, que vinha em uma tend\u00eancia de alta nas \u00faltimas tr\u00eas d\u00e9cadas, caiu para apenas 46,3% entre abril de junho de 2020. Em compara\u00e7\u00e3o com o mesmo per\u00edodo de 2019, a queda foi de 7 pontos percentuais. A participa\u00e7\u00e3o dos homens no mercado de trabalho tamb\u00e9m diminuiu, mas menos: 6 pontos percentuais.<\/p>\n\n\n\n<p>O pesquisador do Ipea v\u00ea algumas raz\u00f5es para a perda de espa\u00e7o das mulheres. \u201cO primeiro \u00e9 que as mulheres est\u00e3o em alguns dos setores que foram muito afetados. Segundo, elas t\u00eam uma carga maior de trabalho n\u00e3o remunerado em casa, esse trabalho aumentou na medida que as escolas ficaram fechadas e terceiro lugar elas foram mais beneficiadas com o aux\u00edlio-emergencial que tinha o objetivo de manter as pessoas em casa\u201d, diz Marcos Hecksher.<\/p>\n\n\n\n<p>\u201cSoma se a isso, tamb\u00e9m, as quest\u00f5es do trabalho remoto. Mulheres inseridas em profiss\u00f5es, em ocupa\u00e7\u00f5es que tamb\u00e9m foram mais afetadas pela pandemia, setor de servi\u00e7os, hotelaria, que dificultam os exerc\u00edcios dessas atividades de forma remota\u201d, afirma Cec\u00edlia Machado, professora e pesquisadora da FGV.<\/p>\n\n\n\n<p>A maior queda na participa\u00e7\u00e3o no mercado de trabalho foi entre as mulheres que tem filhos pequenos, de at\u00e9 dez anos. Nesse grupo, a propor\u00e7\u00e3o de mulheres empregadas ou procurando trabalho nesse grupo despencou de 58% no segundo trimestre de 2019 para pouco mais de 50%. E s\u00e3o elas as que mais t\u00eam dificuldade de voltar a trabalhar neste momento ou mesmo de procurar uma vaga.<\/p>\n\n\n\n<p>Os filhos de um e dois anos que a Larissa cria sozinha exigem dedica\u00e7\u00e3o em tempo integral. At\u00e9 para gravar a entrevista \u00e9 dif\u00edcil. Ela pediu demiss\u00e3o do trabalho em abril, logo depois que as creches fecharam. Mas como no caso dela, o aux\u00edlio emergencial &#8211; que deveria vir em dobro, R$ 1.200 &#8211; n\u00e3o foi aprovado, ela teve de pedir ajuda para o pai e tenta um trabalho de meio per\u00edodo. At\u00e9 agora, nada.<\/p>\n\n\n\n<p>\u201cA pergunta que mais fazem \u00e9: \u2018quantos anos seus filhos t\u00eam, com quem poderia ficar e se t\u00e3o na creche ou se n\u00e3o t\u00e3o\u2019. \u00c9 de doer o cora\u00e7\u00e3o de qualquer m\u00e3e\u201d, conta a gar\u00e7onete desempregada Larissa da Costa Nascimento.<\/p>\n\n\n\n<p>COM G1<\/p>\n","protected":false},"excerpt":{"rendered":"<p>O desemprego na pandemia atingiu com mais for\u00e7a as trabalhadoras no Brasil. De acordo com um levantamento do Instituto de Pesquisa Econ\u00f4mica Aplicada, o Ipea,&hellip; <\/p>\n","protected":false},"author":1,"featured_media":187284,"comment_status":"closed","ping_status":"closed","sticky":false,"template":"","format":"standard","meta":{"sfsi_plus_gutenberg_text_before_share":"","sfsi_plus_gutenberg_show_text_before_share":"","sfsi_plus_gutenberg_icon_type":"","sfsi_plus_gutenberg_icon_alignemt":"","sfsi_plus_gutenburg_max_per_row":"","footnotes":""},"categories":[2],"tags":[],"class_list":["post-187258","post","type-post","status-publish","format-standard","has-post-thumbnail","hentry","category-geral"],"_links":{"self":[{"href":"https:\/\/www.caririemacao.com\/1\/wp-json\/wp\/v2\/posts\/187258","targetHints":{"allow":["GET"]}}],"collection":[{"href":"https:\/\/www.caririemacao.com\/1\/wp-json\/wp\/v2\/posts"}],"about":[{"href":"https:\/\/www.caririemacao.com\/1\/wp-json\/wp\/v2\/types\/post"}],"author":[{"embeddable":true,"href":"https:\/\/www.caririemacao.com\/1\/wp-json\/wp\/v2\/users\/1"}],"replies":[{"embeddable":true,"href":"https:\/\/www.caririemacao.com\/1\/wp-json\/wp\/v2\/comments?post=187258"}],"version-history":[{"count":1,"href":"https:\/\/www.caririemacao.com\/1\/wp-json\/wp\/v2\/posts\/187258\/revisions"}],"predecessor-version":[{"id":187285,"href":"https:\/\/www.caririemacao.com\/1\/wp-json\/wp\/v2\/posts\/187258\/revisions\/187285"}],"wp:featuredmedia":[{"embeddable":true,"href":"https:\/\/www.caririemacao.com\/1\/wp-json\/wp\/v2\/media\/187284"}],"wp:attachment":[{"href":"https:\/\/www.caririemacao.com\/1\/wp-json\/wp\/v2\/media?parent=187258"}],"wp:term":[{"taxonomy":"category","embeddable":true,"href":"https:\/\/www.caririemacao.com\/1\/wp-json\/wp\/v2\/categories?post=187258"},{"taxonomy":"post_tag","embeddable":true,"href":"https:\/\/www.caririemacao.com\/1\/wp-json\/wp\/v2\/tags?post=187258"}],"curies":[{"name":"wp","href":"https:\/\/api.w.org\/{rel}","templated":true}]}}