{"id":187268,"date":"2020-09-08T11:08:49","date_gmt":"2020-09-08T14:08:49","guid":{"rendered":"https:\/\/www.caririemacao.com\/1\/?p=187268"},"modified":"2020-09-08T11:08:49","modified_gmt":"2020-09-08T14:08:49","slug":"incendio-atinge-barracos-em-comunidade-de-joao-pessoa","status":"publish","type":"post","link":"https:\/\/www.caririemacao.com\/1\/2020\/09\/08\/incendio-atinge-barracos-em-comunidade-de-joao-pessoa\/","title":{"rendered":"Inc\u00eandio atinge barracos em comunidade de Jo\u00e3o Pessoa"},"content":{"rendered":"\n<p>Um inc\u00eandio atingiu alguns barracos, na noite deste domingo (06), na comunidade Gerv\u00e1sio Maia, em Jo\u00e3o Pessoa. De acordo com o Corpo de Bombeiros o fogo foi colocado em uma \u00e1rea de invas\u00e3o, onde havia alguns barracos constru\u00eddos.<\/p>\n\n\n\n<p>Ainda de acordo com os bombeiros, o inc\u00eandio devido aos materiais de constru\u00e7\u00e3o dos barracos, como madeira e pl\u00e1stico, a propaga\u00e7\u00e3o das chamas foi r\u00e1pida.<\/p>\n\n\n\n<p>O fogo foi controlado e n\u00e3o houveram v\u00edtimas.<\/p>\n\n\n\n<p>O inc\u00eandio ser\u00e1 investigado.<\/p>\n\n\n\n<p>ClickPB<\/p>\n","protected":false},"excerpt":{"rendered":"<p>Um inc\u00eandio atingiu alguns barracos, na noite deste domingo (06), na comunidade Gerv\u00e1sio Maia, em Jo\u00e3o Pessoa. De acordo com o Corpo de Bombeiros o&hellip; <\/p>\n","protected":false},"author":1,"featured_media":187275,"comment_status":"closed","ping_status":"closed","sticky":false,"template":"","format":"standard","meta":{"sfsi_plus_gutenberg_text_before_share":"","sfsi_plus_gutenberg_show_text_before_share":"","sfsi_plus_gutenberg_icon_type":"","sfsi_plus_gutenberg_icon_alignemt":"","sfsi_plus_gutenburg_max_per_row":"","footnotes":""},"categories":[6],"tags":[],"class_list":["post-187268","post","type-post","status-publish","format-standard","has-post-thumbnail","hentry","category-cidades"],"_links":{"self":[{"href":"https:\/\/www.caririemacao.com\/1\/wp-json\/wp\/v2\/posts\/187268","targetHints":{"allow":["GET"]}}],"collection":[{"href":"https:\/\/www.caririemacao.com\/1\/wp-json\/wp\/v2\/posts"}],"about":[{"href":"https:\/\/www.caririemacao.com\/1\/wp-json\/wp\/v2\/types\/post"}],"author":[{"embeddable":true,"href":"https:\/\/www.caririemacao.com\/1\/wp-json\/wp\/v2\/users\/1"}],"replies":[{"embeddable":true,"href":"https:\/\/www.caririemacao.com\/1\/wp-json\/wp\/v2\/comments?post=187268"}],"version-history":[{"count":1,"href":"https:\/\/www.caririemacao.com\/1\/wp-json\/wp\/v2\/posts\/187268\/revisions"}],"predecessor-version":[{"id":187276,"href":"https:\/\/www.caririemacao.com\/1\/wp-json\/wp\/v2\/posts\/187268\/revisions\/187276"}],"wp:featuredmedia":[{"embeddable":true,"href":"https:\/\/www.caririemacao.com\/1\/wp-json\/wp\/v2\/media\/187275"}],"wp:attachment":[{"href":"https:\/\/www.caririemacao.com\/1\/wp-json\/wp\/v2\/media?parent=187268"}],"wp:term":[{"taxonomy":"category","embeddable":true,"href":"https:\/\/www.caririemacao.com\/1\/wp-json\/wp\/v2\/categories?post=187268"},{"taxonomy":"post_tag","embeddable":true,"href":"https:\/\/www.caririemacao.com\/1\/wp-json\/wp\/v2\/tags?post=187268"}],"curies":[{"name":"wp","href":"https:\/\/api.w.org\/{rel}","templated":true}]}}