{"id":18727,"date":"2017-04-30T12:37:59","date_gmt":"2017-04-30T15:37:59","guid":{"rendered":"http:\/\/caririemacao.com\/1\/?p=18727"},"modified":"2017-04-30T12:41:46","modified_gmt":"2017-04-30T15:41:46","slug":"exclusivo-zabele-realiza-mini-maratona-e-ciclismo-nos-23-anos-de-emancipacao-politica","status":"publish","type":"post","link":"https:\/\/www.caririemacao.com\/1\/2017\/04\/30\/exclusivo-zabele-realiza-mini-maratona-e-ciclismo-nos-23-anos-de-emancipacao-politica\/","title":{"rendered":"EXCLUSIVO: Zabel\u00ea realiza mini-maratona e ciclismo nos 23 anos de Emancipa\u00e7\u00e3o Pol\u00edtica"},"content":{"rendered":"<p>A Prefeitura de Zabel\u00ea realizou na tarde deste s\u00e1bado (29), durante as comemora\u00e7\u00f5es do anivers\u00e1rio da cidade, dois grandes eventos esportivos, a mini-maratona e o ciclismo.<\/p>\n<p style=\"text-align: center;\"><a href=\"http:\/\/caririemacao.com\/1\/wp-content\/uploads\/2017\/04\/DSC_0104-1.jpg\"><img fetchpriority=\"high\" decoding=\"async\" class=\"alignnone wp-image-18729 size-full\" src=\"http:\/\/caririemacao.com\/1\/wp-content\/uploads\/2017\/04\/DSC_0104-1.jpg\" alt=\"DSC_0104\" width=\"500\" height=\"333\" srcset=\"https:\/\/www.caririemacao.com\/1\/wp-content\/uploads\/2017\/04\/DSC_0104-1.jpg 500w, https:\/\/www.caririemacao.com\/1\/wp-content\/uploads\/2017\/04\/DSC_0104-1-300x200.jpg 300w\" sizes=\"(max-width: 500px) 100vw, 500px\" \/><\/a><\/p>\n<p>Atletas de diversas cidades paraibanas e pernambucanas participaram das corridas, que j\u00e1 se tornaram\u00a0tradi\u00e7\u00e3o dentro do calend\u00e1rio do anivers\u00e1rio da cidade.<\/p>\n<p><img decoding=\"async\" class=\"wp-image-18730 size-full aligncenter lazyload\" data-src=\"http:\/\/caririemacao.com\/1\/wp-content\/uploads\/2017\/04\/DSC_0183.jpg\" alt=\"DSC_0183\" width=\"500\" height=\"333\" data-srcset=\"https:\/\/www.caririemacao.com\/1\/wp-content\/uploads\/2017\/04\/DSC_0183.jpg 500w, https:\/\/www.caririemacao.com\/1\/wp-content\/uploads\/2017\/04\/DSC_0183-300x200.jpg 300w\" data-sizes=\"(max-width: 500px) 100vw, 500px\" src=\"data:image\/svg+xml;base64,PHN2ZyB3aWR0aD0iMSIgaGVpZ2h0PSIxIiB4bWxucz0iaHR0cDovL3d3dy53My5vcmcvMjAwMC9zdmciPjwvc3ZnPg==\" style=\"--smush-placeholder-width: 500px; --smush-placeholder-aspect-ratio: 500\/333;\" \/><\/p>\n<p>Ap\u00f3s as corridas, o prefeito Dalyson Neves fez a premia\u00e7\u00e3o em frente \u00e0 Prefeitura Municipal. Ele aproveitou para parabenizar todos os atletas e agradecer a presen\u00e7a de todos na cidade de Zabel\u00ea.<\/p>\n<p>J\u00e1 a noite houve uma grande programa\u00e7\u00e3o musical.<\/p>\n<p><a href=\"https:\/\/www.facebook.com\/pg\/CaririEmAcao\/photos\/?tab=album&amp;album_id=1009376659198357\">CONFIRA FOTOS DA PROGRAMA\u00c7\u00c3O DAS CORRIDAS &#8211; 29.04.17 (tarde)<\/a><\/p>\n<p><strong>\u00a0<\/strong><strong>CARIRI EM A\u00c7\u00c3O<\/strong><\/p>\n<p>Leia mais not\u00edcias em\u00a0<a href=\"http:\/\/www.caririemacao.com\/\">caririemacao.com<\/a>, siga nossa p\u00e1gina no<a href=\"https:\/\/www.facebook.com\/CaririEmAcao\/\">\u00a0Facebook<\/a>\u00a0e\u00a0<a href=\"https:\/\/www.instagram.com\/cariri_em_acao\/?hl=pt-br\">Instagram<\/a>\u00a0veja nossas mat\u00e9rias e fotos. Voc\u00ea tamb\u00e9m pode enviar informa\u00e7\u00f5es \u00e0 Reda\u00e7\u00e3o do Portal Cariri em A\u00e7\u00e3o pelo WhatsApp (83) 9 9634.5791, (83) 9 9601-1162.<\/p>\n","protected":false},"excerpt":{"rendered":"<p>A Prefeitura de Zabel\u00ea realizou na tarde deste s\u00e1bado (29), durante as comemora\u00e7\u00f5es do anivers\u00e1rio da cidade, dois grandes eventos esportivos, a mini-maratona e o&hellip; <\/p>\n","protected":false},"author":2,"featured_media":18728,"comment_status":"closed","ping_status":"closed","sticky":false,"template":"","format":"standard","meta":{"sfsi_plus_gutenberg_text_before_share":"","sfsi_plus_gutenberg_show_text_before_share":"","sfsi_plus_gutenberg_icon_type":"","sfsi_plus_gutenberg_icon_alignemt":"","sfsi_plus_gutenburg_max_per_row":"","footnotes":""},"categories":[2],"tags":[],"class_list":["post-18727","post","type-post","status-publish","format-standard","has-post-thumbnail","hentry","category-geral"],"_links":{"self":[{"href":"https:\/\/www.caririemacao.com\/1\/wp-json\/wp\/v2\/posts\/18727","targetHints":{"allow":["GET"]}}],"collection":[{"href":"https:\/\/www.caririemacao.com\/1\/wp-json\/wp\/v2\/posts"}],"about":[{"href":"https:\/\/www.caririemacao.com\/1\/wp-json\/wp\/v2\/types\/post"}],"author":[{"embeddable":true,"href":"https:\/\/www.caririemacao.com\/1\/wp-json\/wp\/v2\/users\/2"}],"replies":[{"embeddable":true,"href":"https:\/\/www.caririemacao.com\/1\/wp-json\/wp\/v2\/comments?post=18727"}],"version-history":[{"count":0,"href":"https:\/\/www.caririemacao.com\/1\/wp-json\/wp\/v2\/posts\/18727\/revisions"}],"wp:featuredmedia":[{"embeddable":true,"href":"https:\/\/www.caririemacao.com\/1\/wp-json\/wp\/v2\/media\/18728"}],"wp:attachment":[{"href":"https:\/\/www.caririemacao.com\/1\/wp-json\/wp\/v2\/media?parent=18727"}],"wp:term":[{"taxonomy":"category","embeddable":true,"href":"https:\/\/www.caririemacao.com\/1\/wp-json\/wp\/v2\/categories?post=18727"},{"taxonomy":"post_tag","embeddable":true,"href":"https:\/\/www.caririemacao.com\/1\/wp-json\/wp\/v2\/tags?post=18727"}],"curies":[{"name":"wp","href":"https:\/\/api.w.org\/{rel}","templated":true}]}}