{"id":187273,"date":"2020-09-08T11:10:34","date_gmt":"2020-09-08T14:10:34","guid":{"rendered":"https:\/\/www.caririemacao.com\/1\/?p=187273"},"modified":"2020-09-08T11:10:34","modified_gmt":"2020-09-08T14:10:34","slug":"prefeitura-de-campina-grande-registra-aumento-na-taxa-de-ocupacao-de-leitos-para-covid-19","status":"publish","type":"post","link":"https:\/\/www.caririemacao.com\/1\/2020\/09\/08\/prefeitura-de-campina-grande-registra-aumento-na-taxa-de-ocupacao-de-leitos-para-covid-19\/","title":{"rendered":"Prefeitura de Campina Grande registra aumento na taxa de ocupa\u00e7\u00e3o de leitos para Covid-19"},"content":{"rendered":"\n<p>Foi registrado, pela Secretaria de Sa\u00fade de Campina Grande, um aumento na taxa de ocupa\u00e7\u00e3o de leitos para covid-19 no munic\u00edpio. A taxa de ocupa\u00e7\u00e3o das UTIs estava abaixo de 30% e, atualmente, est\u00e1 em torno de 48%. Essa eleva\u00e7\u00e3o \u00e9 reflexo do fechamento de leitos exclusivos para pacientes contaminados pelo novo Coronav\u00edrus.<\/p>\n\n\n\n<p>Os leitos fechados nas duas \u00faltimas semanas foram no Hospital Universit\u00e1rio Alcides Carneiro (HUAC) e no Hospital de Trauma de Campina Grande. O fechamento dos leitos foi majoritariamente de UTI. J\u00e1 os leitos de enfermaria continuam com ocupa\u00e7\u00e3o m\u00e9dia de 24%.<\/p>\n\n\n\n<p>Anteriormente, Campina Grande tinha 337 leitos do SUS exclusivos para covid-19. Ap\u00f3s as desativa\u00e7\u00f5es, os leitos passaram a 253. De acordo com a Secretaria de Sa\u00fade, a propor\u00e7\u00e3o aumentou porque a oferta de leitos caiu, mas n\u00e3o significa dizer que houve aumento no n\u00famero de pacientes.<\/p>\n\n\n\n<p>Todos os leitos do Hospital Pedro I e do Hospital de Campanha permanecem funcionando normalmente, al\u00e9m dos espa\u00e7os destinados para atendimento de pacientes contaminados na maternidade do Instituto de Sa\u00fade Elp\u00eddio de Almeida (Isea) e no Hospital da Crian\u00e7a e do Adolescente.<\/p>\n\n\n\n<p>As 15 Unidades B\u00e1sicas de Sa\u00fade de Campina Grande permanecem fazendo a testagem de pessoas com suspeita da doen\u00e7a, e outros tr\u00eas Centros de Testagem foram habilitados pelo Minist\u00e9rio da Sa\u00fade para acolhimento dos pacientes, sendo a UBS Maria de Lourdes Le\u00f4nico, no bairro do Cruzeiro; UBS Ricardo Amorim, no bairro das Malvinas; e o Centro de Sa\u00fade do Distrito de S\u00e3o Jos\u00e9 da Mata.<\/p>\n\n\n\n<p>Mesmo a situa\u00e7\u00e3o do munic\u00edpio sendo est\u00e1vel, a recomenda\u00e7\u00e3o \u00e9 de evitar aglomera\u00e7\u00f5es e continuar seguindo todas as regras de seguran\u00e7a sanit\u00e1ria, para que os casos n\u00e3o voltem a subir e a sa\u00fade p\u00fablica do munic\u00edpio viva um novo colapso.<\/p>\n\n\n\n<p><em>G1 PB<\/em><\/p>\n","protected":false},"excerpt":{"rendered":"<p>Foi registrado, pela Secretaria de Sa\u00fade de Campina Grande, um aumento na taxa de ocupa\u00e7\u00e3o de leitos para covid-19 no munic\u00edpio. A taxa de ocupa\u00e7\u00e3o&hellip; <\/p>\n","protected":false},"author":1,"featured_media":187278,"comment_status":"closed","ping_status":"closed","sticky":false,"template":"","format":"standard","meta":{"sfsi_plus_gutenberg_text_before_share":"","sfsi_plus_gutenberg_show_text_before_share":"","sfsi_plus_gutenberg_icon_type":"","sfsi_plus_gutenberg_icon_alignemt":"","sfsi_plus_gutenburg_max_per_row":"","footnotes":""},"categories":[6,16],"tags":[],"class_list":["post-187273","post","type-post","status-publish","format-standard","has-post-thumbnail","hentry","category-cidades","category-saude"],"_links":{"self":[{"href":"https:\/\/www.caririemacao.com\/1\/wp-json\/wp\/v2\/posts\/187273","targetHints":{"allow":["GET"]}}],"collection":[{"href":"https:\/\/www.caririemacao.com\/1\/wp-json\/wp\/v2\/posts"}],"about":[{"href":"https:\/\/www.caririemacao.com\/1\/wp-json\/wp\/v2\/types\/post"}],"author":[{"embeddable":true,"href":"https:\/\/www.caririemacao.com\/1\/wp-json\/wp\/v2\/users\/1"}],"replies":[{"embeddable":true,"href":"https:\/\/www.caririemacao.com\/1\/wp-json\/wp\/v2\/comments?post=187273"}],"version-history":[{"count":1,"href":"https:\/\/www.caririemacao.com\/1\/wp-json\/wp\/v2\/posts\/187273\/revisions"}],"predecessor-version":[{"id":187279,"href":"https:\/\/www.caririemacao.com\/1\/wp-json\/wp\/v2\/posts\/187273\/revisions\/187279"}],"wp:featuredmedia":[{"embeddable":true,"href":"https:\/\/www.caririemacao.com\/1\/wp-json\/wp\/v2\/media\/187278"}],"wp:attachment":[{"href":"https:\/\/www.caririemacao.com\/1\/wp-json\/wp\/v2\/media?parent=187273"}],"wp:term":[{"taxonomy":"category","embeddable":true,"href":"https:\/\/www.caririemacao.com\/1\/wp-json\/wp\/v2\/categories?post=187273"},{"taxonomy":"post_tag","embeddable":true,"href":"https:\/\/www.caririemacao.com\/1\/wp-json\/wp\/v2\/tags?post=187273"}],"curies":[{"name":"wp","href":"https:\/\/api.w.org\/{rel}","templated":true}]}}