{"id":187277,"date":"2020-09-08T11:12:08","date_gmt":"2020-09-08T14:12:08","guid":{"rendered":"https:\/\/www.caririemacao.com\/1\/?p=187277"},"modified":"2020-09-08T11:12:08","modified_gmt":"2020-09-08T14:12:08","slug":"professor-e-pre-candidato-a-vereador-de-cidade-do-cariri-e-preso-suspeito-de-abusar-de-menino-de-14-anos","status":"publish","type":"post","link":"https:\/\/www.caririemacao.com\/1\/2020\/09\/08\/professor-e-pre-candidato-a-vereador-de-cidade-do-cariri-e-preso-suspeito-de-abusar-de-menino-de-14-anos\/","title":{"rendered":"Professor e pr\u00e9-candidato a vereador de cidade do Cariri \u00e9 preso suspeito de abusar de menino de 14 anos"},"content":{"rendered":"\n<p>Um professor de 48 anos, pr\u00e9-candidato a vereador em Barra de Santana, Cariri Paraibano foi preso suspeito de abusar de um menino de 14 anos, em Campina Grande, no Agreste da Para\u00edba. A pris\u00e3o foi executada no final da noite dessa sexta-feira (4), em um matagal nas proximidades do distrito do Ligeiro, regi\u00e3o de divisa entre Campina Grande e Queimadas.<\/p>\n\n\n\n<p>De acordo com informa\u00e7\u00f5es da pol\u00edcia, o homem estava em uma moto com o adolescente de 14 anos e, ao perceber a aproxima\u00e7\u00e3o da viatura, se assustou e tentou fugir, mas foi perseguido e capturado pelos policiais.<\/p>\n\n\n\n<p>O adolescente confessou que estava mantendo rela\u00e7\u00f5es sexuais com o professor. No celular do menor foram encontradas evid\u00eancias de que o suspeito estava aliciando o adolescente h\u00e1 alguns dias.<\/p>\n\n\n\n<p>O professor d\u00e1 aulas no Ensino Fundamental e \u00e9 pr\u00e9-candidato a vereador pelo PSD no munic\u00edpio de Barra de Santana. Ele foi levado para a Central de Pol\u00edcia Civil, onde foi autuado em flagrante.<\/p>\n\n\n\n<p><strong>De Olho no Cariri<\/strong><\/p>\n\n\n\n<p><\/p>\n","protected":false},"excerpt":{"rendered":"<p>Um professor de 48 anos, pr\u00e9-candidato a vereador em Barra de Santana, Cariri Paraibano foi preso suspeito de abusar de um menino de 14 anos,&hellip; <\/p>\n","protected":false},"author":1,"featured_media":187280,"comment_status":"closed","ping_status":"closed","sticky":false,"template":"","format":"standard","meta":{"sfsi_plus_gutenberg_text_before_share":"","sfsi_plus_gutenberg_show_text_before_share":"","sfsi_plus_gutenberg_icon_type":"","sfsi_plus_gutenberg_icon_alignemt":"","sfsi_plus_gutenburg_max_per_row":"","footnotes":""},"categories":[50,12],"tags":[],"class_list":["post-187277","post","type-post","status-publish","format-standard","has-post-thumbnail","hentry","category-destaque","category-policia"],"_links":{"self":[{"href":"https:\/\/www.caririemacao.com\/1\/wp-json\/wp\/v2\/posts\/187277","targetHints":{"allow":["GET"]}}],"collection":[{"href":"https:\/\/www.caririemacao.com\/1\/wp-json\/wp\/v2\/posts"}],"about":[{"href":"https:\/\/www.caririemacao.com\/1\/wp-json\/wp\/v2\/types\/post"}],"author":[{"embeddable":true,"href":"https:\/\/www.caririemacao.com\/1\/wp-json\/wp\/v2\/users\/1"}],"replies":[{"embeddable":true,"href":"https:\/\/www.caririemacao.com\/1\/wp-json\/wp\/v2\/comments?post=187277"}],"version-history":[{"count":1,"href":"https:\/\/www.caririemacao.com\/1\/wp-json\/wp\/v2\/posts\/187277\/revisions"}],"predecessor-version":[{"id":187281,"href":"https:\/\/www.caririemacao.com\/1\/wp-json\/wp\/v2\/posts\/187277\/revisions\/187281"}],"wp:featuredmedia":[{"embeddable":true,"href":"https:\/\/www.caririemacao.com\/1\/wp-json\/wp\/v2\/media\/187280"}],"wp:attachment":[{"href":"https:\/\/www.caririemacao.com\/1\/wp-json\/wp\/v2\/media?parent=187277"}],"wp:term":[{"taxonomy":"category","embeddable":true,"href":"https:\/\/www.caririemacao.com\/1\/wp-json\/wp\/v2\/categories?post=187277"},{"taxonomy":"post_tag","embeddable":true,"href":"https:\/\/www.caririemacao.com\/1\/wp-json\/wp\/v2\/tags?post=187277"}],"curies":[{"name":"wp","href":"https:\/\/api.w.org\/{rel}","templated":true}]}}