{"id":187283,"date":"2020-09-08T11:46:19","date_gmt":"2020-09-08T14:46:19","guid":{"rendered":"https:\/\/www.caririemacao.com\/1\/?p=187283"},"modified":"2020-09-08T11:46:19","modified_gmt":"2020-09-08T14:46:19","slug":"avante-e-cidadania-marcham-juntos-em-pocinhos-com-a-escolha-do-vereador-pauliano-para-vice-de-eliane","status":"publish","type":"post","link":"https:\/\/www.caririemacao.com\/1\/2020\/09\/08\/avante-e-cidadania-marcham-juntos-em-pocinhos-com-a-escolha-do-vereador-pauliano-para-vice-de-eliane\/","title":{"rendered":"Avante e Cidadania marcham juntos em Pocinhos com a escolha do vereador Pauliano para vice de Eliane"},"content":{"rendered":"\n<p>O pr\u00e9-candidato a vice-prefeito de Pocinhos na chapa encabe\u00e7ada por Eliane Galdino (Avante) foi escolhido na noite desta segunda-feira (7), durante live realizada na cidade com a presen\u00e7a e tr\u00eas dos nomes mais cotados para a vaga. A live foi transmitida nas redes sociais da pr\u00e9-candidata e reuniu lideran\u00e7as dos partidos que comp\u00f5em o grupo do Avante e Cidadania.<\/p>\n\n\n\n<figure class=\"wp-block-image\"><img decoding=\"async\" data-src=\"https:\/\/clovisgaiao.com.br\/wp-content\/uploads\/2020\/09\/eliane-pocinhos.jpg\" alt=\"\" class=\"wp-image-2078 lazyload\" src=\"data:image\/svg+xml;base64,PHN2ZyB3aWR0aD0iMSIgaGVpZ2h0PSIxIiB4bWxucz0iaHR0cDovL3d3dy53My5vcmcvMjAwMC9zdmciPjwvc3ZnPg==\" \/><\/figure>\n\n\n\n<p>Impulsionada pela predile\u00e7\u00e3o do governador Jo\u00e3o Azevedo, o escolhido foi o vereador Pauliano Lamec, filiado ao mesmo partido do governador Jo\u00e3o Azev\u00eado. Nos bastidores j\u00e1 havia a expectativa pelos nomes dos pr\u00e9-candidatos a vice-prefeito est\u00e3o entre; o vereador Pauliano Lamec, Roberto Souto e do empres\u00e1rio Nena do Mercadinho.<\/p>\n\n\n\n<p>O empres\u00e1rio Jom\u00e1rio Souto tamb\u00e9m era um nome cotado para vice na disputa municipal. Durante a transmiss\u00e3o desta noite, ele disse que infelizmente havia tido tempo de filiar-se ao partido, mas que estava junto do grupo e disposto a somar e contribuir dentro de sua \u00e1rea de atua\u00e7\u00e3o, e que estava confiante de que ser\u00e1 uma grande gest\u00e3o.<\/p>\n\n\n\n<p>Durante a transmiss\u00e3o, os candidatos \u00e0 vaga: Nena, Pauliano e Roberto se pronunciaram dizendo as motiva\u00e7\u00f5es pelo cargo de vice-prefeito.Em sua fala, Eliane Galdino disse que toda a sua campanha tem o modelo que pretende adotar na gest\u00e3o, constru\u00edda a partir da participa\u00e7\u00e3o do povo de maneira direta. \u201cTemos todas as \u00e1reas como priorit\u00e1rias, mas em todas vamos fazer quest\u00e3o de reunir com cada um para saber o que realmente precisam para que possamos recontruir Pocinhos\u201d, disse.<\/p>\n\n\n\n<p>Eliane disse que a decis\u00e3o foi muito dificil porque se tratam de tr\u00eas pessoas comprometidas com o objetivo de reconstruir Pocinhos e que gostaria de ter cada um deles como vice. \u201cO importante agora \u00e9 a uni\u00e3o e estou muito feliz de ter ouvido essa vontade de participar de voc\u00eas, e tamb\u00e9m de humildade, vamos trabalhar juntos para que possamos trabalhar por uma Pocinhos melhor e mais justo, com mais oportunidades porque infelizmente atualmente em Pocinhos poucos t\u00eam acesso ao m\u00ednimo\u201d, disse.<\/p>\n\n\n\n<p>O deputado Adriano Galdino lembrou sua caminhada politica de 32 anos de vereador, prefeito, deputado estadual e presidente da Assembleia Legislativa da Para\u00edba.<\/p>\n\n\n\n<p>\u201cN\u00e3o tinha \u00e1gua e fomos pegar \u00e1gua em Areia e Campina Grande, foram dias longos e dif\u00edceis em que fizemos um sop\u00e3o para amenizar a fome das pessoas que pediam sobras de comidas nas casas, e eletrificamos a zona rural, fizemos muitas obras de pedra e cal; a nossa casa era um ponto de apoio, sempre moramos em Pocinhos quando era gestor de Pocinhos e morei com as portas abertas, n\u00e3o fechadas como o atual gestor que se esconde. A batalha agora \u00e9 levar \u00e1gua pot\u00e1vel para a zona rural, j\u00e1 estamos nos tanques e at\u00e9 o final do ano ser\u00e3o mais de 500 fam\u00edlias beneficiadas com \u00e1gua de beber, algo in\u00e9dito. Isso tudo foi gra\u00e7as ao governador Jo\u00e3o Azevedo e a minha for\u00e7a politica e minha for\u00e7a pol\u00edtica \u00e9 de voc\u00eas e por isso ser pocinhense \u00e9 um motivo de orgulho pra mim e pra voc\u00eas\u201d.<\/p>\n\n\n\n<p>De acordo com Adriano, v\u00e1rios colegas poderiam ser al\u00e7ados \u00e0 vaga de vice como S\u00f3stenes, Duda ou Wilson Porto, dentre outros que tem servi\u00e7os prestados e compet\u00eancia que o cargo exige, mas dentre os tr\u00eas que est\u00e3o neste momento, Pauliano Lamec foi o escolhido. \u201cNa chapa do nosso advers\u00e1rio a vaga de vice foi oferecida a muitos, mas o candidato do prefeito n\u00e3o honra a palavra empenhada e essa \u00e9 a primeira ferramenta de todo politico digno. Amigos de Pocinhos que n\u00e3o compactuam com este tipo de pol\u00edtica descompromissada, venha pra o lado de c\u00e1 porque aqui existem pessoas que honram seus compromissos. Eliane est\u00e1 preparad\u00edssima, tem conhecimento de causa, escuta e decide\u201d.<\/p>\n\n\n\n<p>\u201cAgora falando sobre estes nomes que est\u00e3o conosco e orgulham Pocinhos, n\u00f3s destacamos Nena que engrandece a cidade com seu trabalho, Roberto que sempre fez uma campanha \u00e9tica, digna e Pauliano que voltou pra nosso lado e trouxe muitos. Mas me cabe nesse momento escolher e n\u00e3o \u00e9 f\u00e1cil porque s\u00e3o tr\u00eas amigos, tr\u00eas irm\u00e3os, n\u00e3o est\u00e3o conosco por uma condi\u00e7\u00e3o, uma obriga\u00e7\u00e3o, mas por terem o perfil do Pocinhos que precisamos reconstruir\u201d.<\/p>\n\n\n\n<p>COM CL\u00d3VIS GAI\u00c3O<\/p>\n","protected":false},"excerpt":{"rendered":"<p>O pr\u00e9-candidato a vice-prefeito de Pocinhos na chapa encabe\u00e7ada por Eliane Galdino (Avante) foi escolhido na noite desta segunda-feira (7), durante live realizada na cidade&hellip; <\/p>\n","protected":false},"author":1,"featured_media":187289,"comment_status":"closed","ping_status":"closed","sticky":false,"template":"","format":"standard","meta":{"sfsi_plus_gutenberg_text_before_share":"","sfsi_plus_gutenberg_show_text_before_share":"","sfsi_plus_gutenberg_icon_type":"","sfsi_plus_gutenberg_icon_alignemt":"","sfsi_plus_gutenburg_max_per_row":"","footnotes":""},"categories":[6,11],"tags":[],"class_list":["post-187283","post","type-post","status-publish","format-standard","has-post-thumbnail","hentry","category-cidades","category-politica"],"_links":{"self":[{"href":"https:\/\/www.caririemacao.com\/1\/wp-json\/wp\/v2\/posts\/187283","targetHints":{"allow":["GET"]}}],"collection":[{"href":"https:\/\/www.caririemacao.com\/1\/wp-json\/wp\/v2\/posts"}],"about":[{"href":"https:\/\/www.caririemacao.com\/1\/wp-json\/wp\/v2\/types\/post"}],"author":[{"embeddable":true,"href":"https:\/\/www.caririemacao.com\/1\/wp-json\/wp\/v2\/users\/1"}],"replies":[{"embeddable":true,"href":"https:\/\/www.caririemacao.com\/1\/wp-json\/wp\/v2\/comments?post=187283"}],"version-history":[{"count":1,"href":"https:\/\/www.caririemacao.com\/1\/wp-json\/wp\/v2\/posts\/187283\/revisions"}],"predecessor-version":[{"id":187290,"href":"https:\/\/www.caririemacao.com\/1\/wp-json\/wp\/v2\/posts\/187283\/revisions\/187290"}],"wp:featuredmedia":[{"embeddable":true,"href":"https:\/\/www.caririemacao.com\/1\/wp-json\/wp\/v2\/media\/187289"}],"wp:attachment":[{"href":"https:\/\/www.caririemacao.com\/1\/wp-json\/wp\/v2\/media?parent=187283"}],"wp:term":[{"taxonomy":"category","embeddable":true,"href":"https:\/\/www.caririemacao.com\/1\/wp-json\/wp\/v2\/categories?post=187283"},{"taxonomy":"post_tag","embeddable":true,"href":"https:\/\/www.caririemacao.com\/1\/wp-json\/wp\/v2\/tags?post=187283"}],"curies":[{"name":"wp","href":"https:\/\/api.w.org\/{rel}","templated":true}]}}