{"id":187286,"date":"2020-09-08T11:44:33","date_gmt":"2020-09-08T14:44:33","guid":{"rendered":"https:\/\/www.caririemacao.com\/1\/?p=187286"},"modified":"2020-09-08T11:44:33","modified_gmt":"2020-09-08T14:44:33","slug":"festa-da-padroeira-de-monteiro-prossegue-com-seu-novo-formato-em-tempos-de-pandemia","status":"publish","type":"post","link":"https:\/\/www.caririemacao.com\/1\/2020\/09\/08\/festa-da-padroeira-de-monteiro-prossegue-com-seu-novo-formato-em-tempos-de-pandemia\/","title":{"rendered":"Festa da Padroeira de Monteiro prossegue com seu novo formato em tempos de pandemia"},"content":{"rendered":"\n<p>Apesar do novo formato e das restri\u00e7\u00f5es relativas ao enfrentamento do Coronav\u00edrus, a Festa de Nossa Senhora das Dores continua mantendo a for\u00e7a de sua tradi\u00e7\u00e3o e tem sido bastante elogiada em seu novo formato adaptado para tempos de pandemia.<\/p>\n\n\n\n<p>A programa\u00e7\u00e3o tem atra\u00eddo um grande p\u00fablico nas transmiss\u00f5es online nas plataformas digitais, e tem contado com a m\u00e1xima participa\u00e7\u00e3o poss\u00edvel nos eventos presenciais.<\/p>\n\n\n\n<p>Os fieis tamb\u00e9m est\u00e3o podendo colaborar, adquirindo um kit com a flamula e uma m\u00e1scara personalizadas em prol da festa, al\u00e9m da compra de lanches diversos ao final de cada celebra\u00e7\u00e3o.<\/p>\n\n\n\n<p>A programa\u00e7\u00e3o prossegue nesta ter\u00e7a feira, com a celebra\u00e7\u00e3o de missa \u00e0 partir das 17 e 30, seguindo com a terceira novena \u00e0s 19 e 30.<\/p>\n\n\n\n<figure class=\"wp-block-image\"><img decoding=\"async\" data-src=\"https:\/\/scontent.fcpv1-1.fna.fbcdn.net\/v\/t1.0-9\/119048629_801119997115144_931289170332568236_n.jpg?_nc_cat=100&amp;_nc_sid=8bfeb9&amp;_nc_ohc=1Xc4NguGE4EAX-8CFnO&amp;_nc_ht=scontent.fcpv1-1.fna&amp;oh=b741873eba23256e1acd5c0eb287e249&amp;oe=5F7D7DF8\" alt=\"\" src=\"data:image\/svg+xml;base64,PHN2ZyB3aWR0aD0iMSIgaGVpZ2h0PSIxIiB4bWxucz0iaHR0cDovL3d3dy53My5vcmcvMjAwMC9zdmciPjwvc3ZnPg==\" class=\"lazyload\" \/><\/figure>\n\n\n\n<p>O evento nesta ter\u00e7a contar\u00e1 com a participa\u00e7\u00e3o como convidado, do padre Jorge da Par\u00f3quia de Alagoa Nova.<\/p>\n\n\n\n<p> BLOG F\u00c1BIO BRITO<\/p>\n","protected":false},"excerpt":{"rendered":"<p>Apesar do novo formato e das restri\u00e7\u00f5es relativas ao enfrentamento do Coronav\u00edrus, a Festa de Nossa Senhora das Dores continua mantendo a for\u00e7a de sua&hellip; <\/p>\n","protected":false},"author":1,"featured_media":187287,"comment_status":"closed","ping_status":"closed","sticky":false,"template":"","format":"standard","meta":{"sfsi_plus_gutenberg_text_before_share":"","sfsi_plus_gutenberg_show_text_before_share":"","sfsi_plus_gutenberg_icon_type":"","sfsi_plus_gutenberg_icon_alignemt":"","sfsi_plus_gutenburg_max_per_row":"","footnotes":""},"categories":[6],"tags":[],"class_list":["post-187286","post","type-post","status-publish","format-standard","has-post-thumbnail","hentry","category-cidades"],"_links":{"self":[{"href":"https:\/\/www.caririemacao.com\/1\/wp-json\/wp\/v2\/posts\/187286","targetHints":{"allow":["GET"]}}],"collection":[{"href":"https:\/\/www.caririemacao.com\/1\/wp-json\/wp\/v2\/posts"}],"about":[{"href":"https:\/\/www.caririemacao.com\/1\/wp-json\/wp\/v2\/types\/post"}],"author":[{"embeddable":true,"href":"https:\/\/www.caririemacao.com\/1\/wp-json\/wp\/v2\/users\/1"}],"replies":[{"embeddable":true,"href":"https:\/\/www.caririemacao.com\/1\/wp-json\/wp\/v2\/comments?post=187286"}],"version-history":[{"count":1,"href":"https:\/\/www.caririemacao.com\/1\/wp-json\/wp\/v2\/posts\/187286\/revisions"}],"predecessor-version":[{"id":187288,"href":"https:\/\/www.caririemacao.com\/1\/wp-json\/wp\/v2\/posts\/187286\/revisions\/187288"}],"wp:featuredmedia":[{"embeddable":true,"href":"https:\/\/www.caririemacao.com\/1\/wp-json\/wp\/v2\/media\/187287"}],"wp:attachment":[{"href":"https:\/\/www.caririemacao.com\/1\/wp-json\/wp\/v2\/media?parent=187286"}],"wp:term":[{"taxonomy":"category","embeddable":true,"href":"https:\/\/www.caririemacao.com\/1\/wp-json\/wp\/v2\/categories?post=187286"},{"taxonomy":"post_tag","embeddable":true,"href":"https:\/\/www.caririemacao.com\/1\/wp-json\/wp\/v2\/tags?post=187286"}],"curies":[{"name":"wp","href":"https:\/\/api.w.org\/{rel}","templated":true}]}}