{"id":187294,"date":"2020-09-08T13:37:25","date_gmt":"2020-09-08T16:37:25","guid":{"rendered":"https:\/\/www.caririemacao.com\/1\/?p=187294"},"modified":"2020-09-08T13:37:25","modified_gmt":"2020-09-08T16:37:25","slug":"eleicoes-precisaremos-de-75-milhoes-de-mascaras-para-os-mesarios-diz-barroso","status":"publish","type":"post","link":"https:\/\/www.caririemacao.com\/1\/2020\/09\/08\/eleicoes-precisaremos-de-75-milhoes-de-mascaras-para-os-mesarios-diz-barroso\/","title":{"rendered":"Elei\u00e7\u00f5es: precisaremos de 7,5 milh\u00f5es de m\u00e1scaras para os mes\u00e1rios, diz Barroso"},"content":{"rendered":"\n<h1 class=\"wp-block-heading\"><\/h1>\n\n\n\n<p>O ministro do Supremo Tribunal Federal (STF) e presidente do Tribunal Superior Eleitoral (TSE), Lu\u00eds Roberto Barroso, anunciou uma chamada p\u00fablica para a iniciativa privada a fim de suprir a necessidade de 7,5 milh\u00f5es de m\u00e1scaras para os mes\u00e1rios nas elei\u00e7\u00f5es deste ano, al\u00e9m de 2 milh\u00f5es de protetores faciais e 2 milh\u00f5es de frascos de \u00e1lcool em gel. Os insumos visam proteger os mes\u00e1rios de cont\u00e1gio pelo novo coronav\u00edrus.<\/p>\n\n\n\n<p>\u201cPara a minha grat\u00edssima surpresa, temos mais de 30 empresas cuidando de fornecer n\u00e3o s\u00f3 os materiais e equipamentos como toda a log\u00edstica para distribui\u00e7\u00e3o deste material nas 27 Unidades da Federa\u00e7\u00e3o\u201d, disse o ministro em entrevista \u00e0 r\u00e1dio CBN. Segundo Barroso, al\u00e9m da suspens\u00e3o da identifica\u00e7\u00e3o biom\u00e9trica, outras medidas sanit\u00e1rias incluem tamb\u00e9m protocolos de apresenta\u00e7\u00e3o do t\u00edtulo eleitoral para que n\u00e3o haja o manuseio do documento.<\/p>\n\n\n\n<p>Est\u00e1 prevista, para esta ter\u00e7a-feira (8) \u00e0s 17 horas, a apresenta\u00e7\u00e3o do Plano de Seguran\u00e7a Sanit\u00e1ria para as Elei\u00e7\u00f5es Municipais de 2020, pelo TSE elaborado pela consultoria sanit\u00e1ria formada por especialistas da Fiocruz e dos hospitais S\u00edrio Liban\u00eas e Albert Einstein.<\/p>\n","protected":false},"excerpt":{"rendered":"<p>O ministro do Supremo Tribunal Federal (STF) e presidente do Tribunal Superior Eleitoral (TSE), Lu\u00eds Roberto Barroso, anunciou uma chamada p\u00fablica para a iniciativa privada&hellip; <\/p>\n","protected":false},"author":2,"featured_media":187295,"comment_status":"closed","ping_status":"closed","sticky":false,"template":"","format":"standard","meta":{"sfsi_plus_gutenberg_text_before_share":"","sfsi_plus_gutenberg_show_text_before_share":"","sfsi_plus_gutenberg_icon_type":"","sfsi_plus_gutenberg_icon_alignemt":"","sfsi_plus_gutenburg_max_per_row":"","footnotes":""},"categories":[11],"tags":[],"class_list":["post-187294","post","type-post","status-publish","format-standard","has-post-thumbnail","hentry","category-politica"],"_links":{"self":[{"href":"https:\/\/www.caririemacao.com\/1\/wp-json\/wp\/v2\/posts\/187294","targetHints":{"allow":["GET"]}}],"collection":[{"href":"https:\/\/www.caririemacao.com\/1\/wp-json\/wp\/v2\/posts"}],"about":[{"href":"https:\/\/www.caririemacao.com\/1\/wp-json\/wp\/v2\/types\/post"}],"author":[{"embeddable":true,"href":"https:\/\/www.caririemacao.com\/1\/wp-json\/wp\/v2\/users\/2"}],"replies":[{"embeddable":true,"href":"https:\/\/www.caririemacao.com\/1\/wp-json\/wp\/v2\/comments?post=187294"}],"version-history":[{"count":1,"href":"https:\/\/www.caririemacao.com\/1\/wp-json\/wp\/v2\/posts\/187294\/revisions"}],"predecessor-version":[{"id":187296,"href":"https:\/\/www.caririemacao.com\/1\/wp-json\/wp\/v2\/posts\/187294\/revisions\/187296"}],"wp:featuredmedia":[{"embeddable":true,"href":"https:\/\/www.caririemacao.com\/1\/wp-json\/wp\/v2\/media\/187295"}],"wp:attachment":[{"href":"https:\/\/www.caririemacao.com\/1\/wp-json\/wp\/v2\/media?parent=187294"}],"wp:term":[{"taxonomy":"category","embeddable":true,"href":"https:\/\/www.caririemacao.com\/1\/wp-json\/wp\/v2\/categories?post=187294"},{"taxonomy":"post_tag","embeddable":true,"href":"https:\/\/www.caririemacao.com\/1\/wp-json\/wp\/v2\/tags?post=187294"}],"curies":[{"name":"wp","href":"https:\/\/api.w.org\/{rel}","templated":true}]}}