{"id":18735,"date":"2017-04-30T11:48:11","date_gmt":"2017-04-30T14:48:11","guid":{"rendered":"http:\/\/caririemacao.com\/1\/?p=18735"},"modified":"2017-04-30T12:57:17","modified_gmt":"2017-04-30T15:57:17","slug":"ultimo-desejo-do-cantor-belchior-sera-atendido","status":"publish","type":"post","link":"https:\/\/www.caririemacao.com\/1\/2017\/04\/30\/ultimo-desejo-do-cantor-belchior-sera-atendido\/","title":{"rendered":"\u00daltimo desejo do cantor Belchior ser\u00e1 atendido"},"content":{"rendered":"<p>\u00daltimo desejo do cantor Ant\u00f4nio Carlos Gomes Belchior Fontenelle Fernandes, que\u00a0<a href=\"http:\/\/veja.abril.com.br\/entretenimento\/morre-o-cantor-belchior-aos-70-anos\/\">morreu<\/a>\u00a0no \u00faltimo s\u00e1bado, 29, no Rio Grande do Sul, ser\u00e1 atendido.<\/p>\n<p>Belchior, que tinha 70 anos, disse a familiares e amigos que fazia quest\u00e3o de ser enterrado na cidade de Sobral, no Cear\u00e1, sua terra natal. No cemit\u00e9rio local, est\u00e3o outros entes queridos como sua m\u00e3e. O governo do Cear\u00e1 informa que est\u00e1 trabalhando em conjunto com o governo ga\u00facho para transportar o corpo do artista.<\/p>\n<p>O cantor foi socorrido pelo SAMU, na casa onde morava com a companheira Edna Prometheu, produtora cultural. A causa da morte ainda n\u00e3o foi divulgada.<\/p>\n<p><strong>CARIRI EM A\u00c7\u00c3O<\/strong><\/p>\n<p>Leia mais not\u00edcias em\u00a0<a href=\"http:\/\/www.caririemacao.com\/\">caririemacao.com<\/a>, siga nossa p\u00e1gina no<a href=\"https:\/\/www.facebook.com\/CaririEmAcao\/\">\u00a0Facebook<\/a>\u00a0e\u00a0<a href=\"https:\/\/www.instagram.com\/cariri_em_acao\/?hl=pt-br\">Instagram<\/a>\u00a0veja nossas mat\u00e9rias e fotos. Voc\u00ea tamb\u00e9m pode enviar informa\u00e7\u00f5es \u00e0 Reda\u00e7\u00e3o do Portal Cariri em A\u00e7\u00e3o pelo WhatsApp (83) 9 9634.5791, (83) 9 9601-1162.<\/p>\n","protected":false},"excerpt":{"rendered":"<p>\u00daltimo desejo do cantor Ant\u00f4nio Carlos Gomes Belchior Fontenelle Fernandes, que\u00a0morreu\u00a0no \u00faltimo s\u00e1bado, 29, no Rio Grande do Sul, ser\u00e1 atendido. Belchior, que tinha 70&hellip; <\/p>\n","protected":false},"author":2,"featured_media":18736,"comment_status":"closed","ping_status":"closed","sticky":false,"template":"","format":"standard","meta":{"sfsi_plus_gutenberg_text_before_share":"","sfsi_plus_gutenberg_show_text_before_share":"","sfsi_plus_gutenberg_icon_type":"","sfsi_plus_gutenberg_icon_alignemt":"","sfsi_plus_gutenburg_max_per_row":"","footnotes":""},"categories":[2],"tags":[],"class_list":["post-18735","post","type-post","status-publish","format-standard","has-post-thumbnail","hentry","category-geral"],"_links":{"self":[{"href":"https:\/\/www.caririemacao.com\/1\/wp-json\/wp\/v2\/posts\/18735","targetHints":{"allow":["GET"]}}],"collection":[{"href":"https:\/\/www.caririemacao.com\/1\/wp-json\/wp\/v2\/posts"}],"about":[{"href":"https:\/\/www.caririemacao.com\/1\/wp-json\/wp\/v2\/types\/post"}],"author":[{"embeddable":true,"href":"https:\/\/www.caririemacao.com\/1\/wp-json\/wp\/v2\/users\/2"}],"replies":[{"embeddable":true,"href":"https:\/\/www.caririemacao.com\/1\/wp-json\/wp\/v2\/comments?post=18735"}],"version-history":[{"count":0,"href":"https:\/\/www.caririemacao.com\/1\/wp-json\/wp\/v2\/posts\/18735\/revisions"}],"wp:featuredmedia":[{"embeddable":true,"href":"https:\/\/www.caririemacao.com\/1\/wp-json\/wp\/v2\/media\/18736"}],"wp:attachment":[{"href":"https:\/\/www.caririemacao.com\/1\/wp-json\/wp\/v2\/media?parent=18735"}],"wp:term":[{"taxonomy":"category","embeddable":true,"href":"https:\/\/www.caririemacao.com\/1\/wp-json\/wp\/v2\/categories?post=18735"},{"taxonomy":"post_tag","embeddable":true,"href":"https:\/\/www.caririemacao.com\/1\/wp-json\/wp\/v2\/tags?post=18735"}],"curies":[{"name":"wp","href":"https:\/\/api.w.org\/{rel}","templated":true}]}}