{"id":18740,"date":"2017-04-30T18:54:29","date_gmt":"2017-04-30T21:54:29","guid":{"rendered":"http:\/\/caririemacao.com\/1\/?p=18740"},"modified":"2017-04-30T18:54:29","modified_gmt":"2017-04-30T21:54:29","slug":"torneio-leiteiro-coroa-cabra-rainha-em-santo-andre","status":"publish","type":"post","link":"https:\/\/www.caririemacao.com\/1\/2017\/04\/30\/torneio-leiteiro-coroa-cabra-rainha-em-santo-andre\/","title":{"rendered":"\u00a0Torneio leiteiro coroa cabra rainha em Santo Andr\u00e9"},"content":{"rendered":"<p>Aconteceu no \u00faltimo s\u00e1bado (29), torneio leiteiro em Santo Andr\u00e9, o evento fazia parte da programa\u00e7\u00e3o da 2\u00aa Festa da Cabra Rainha, que reuniu v\u00e1rios produtores rurais que vieram participar da competi\u00e7\u00e3o.<\/p>\n<p><a href=\"http:\/\/caririemacao.com\/1\/wp-content\/uploads\/2017\/04\/DSC_0038.jpg\"><img fetchpriority=\"high\" decoding=\"async\" class=\"alignnone wp-image-18744 size-full\" src=\"http:\/\/caririemacao.com\/1\/wp-content\/uploads\/2017\/04\/DSC_0038.jpg\" alt=\"DSC_0038\" width=\"800\" height=\"532\" srcset=\"https:\/\/www.caririemacao.com\/1\/wp-content\/uploads\/2017\/04\/DSC_0038.jpg 800w, https:\/\/www.caririemacao.com\/1\/wp-content\/uploads\/2017\/04\/DSC_0038-300x200.jpg 300w, https:\/\/www.caririemacao.com\/1\/wp-content\/uploads\/2017\/04\/DSC_0038-768x511.jpg 768w\" sizes=\"(max-width: 800px) 100vw, 800px\" \/><\/a><\/p>\n<p>&nbsp;<\/p>\n<p>O evento contou com a presen\u00e7a da prefeita do munic\u00edpio Silvana Marinho, dos t\u00e9cnicos da EMATER local Ant\u00f4nio Alberto e Valmir Azevedo, do ex-prefeito Dr. Marinho, do presidente da usina de leite da cidade de Cabaceiras Arnaldo, al\u00e9m dos secret\u00e1rios, vereadores, e a popula\u00e7\u00e3o que prestigiou o momento.<\/p>\n<p><a href=\"http:\/\/caririemacao.com\/1\/wp-content\/uploads\/2017\/04\/DSC_0045.jpg\"><img decoding=\"async\" class=\"aligncenter wp-image-18745 size-full lazyload\" data-src=\"http:\/\/caririemacao.com\/1\/wp-content\/uploads\/2017\/04\/DSC_0045.jpg\" alt=\"DSC_0045\" width=\"800\" height=\"532\" data-srcset=\"https:\/\/www.caririemacao.com\/1\/wp-content\/uploads\/2017\/04\/DSC_0045.jpg 800w, https:\/\/www.caririemacao.com\/1\/wp-content\/uploads\/2017\/04\/DSC_0045-300x200.jpg 300w, https:\/\/www.caririemacao.com\/1\/wp-content\/uploads\/2017\/04\/DSC_0045-768x511.jpg 768w\" data-sizes=\"(max-width: 800px) 100vw, 800px\" src=\"data:image\/svg+xml;base64,PHN2ZyB3aWR0aD0iMSIgaGVpZ2h0PSIxIiB4bWxucz0iaHR0cDovL3d3dy53My5vcmcvMjAwMC9zdmciPjwvc3ZnPg==\" style=\"--smush-placeholder-width: 800px; --smush-placeholder-aspect-ratio: 800\/532;\" \/><\/a><\/p>\n<p>Os competidores puderam concorrer em cinco categorias diferentes: Dente de Leite, Dois Dentes, Quatro Dentes, Seis Dentes e Boca Cheia, ao final da competi\u00e7\u00e3o os criadores festejaram a ocasi\u00e3o com o tradicional banho de leite de cabra.<\/p>\n<p>Confira o p\u00f3dio de cada categoria.<\/p>\n<p><strong>DENTE DE LEITE:<\/strong> 1\u00ba Lorival Severino de Oliveira; 2\u00ba Leonardo de Oliveira e 3\u00ba Lorival Severino de Oliveira.<\/p>\n<p><strong>DOIS DENTES:<\/strong> Paulo S\u00e9rgio da Silva Messias e Querino Wanderley; 2\u00ba Paulo S\u00e9rgio da Silva Messias e Sandro Ramos dos Santos.<\/p>\n<p><strong>QUATRO DENTES: <\/strong>1\u00ba Lorival Severino de Oliveira; 2\u00ba Luan de Oliveira e 3\u00ba Carlos de Pontes Medeiros.<\/p>\n<p><strong>SEIS DENTES:<\/strong> 1\u00ba Paulo S\u00e9rgio da Silva Messias; 2\u00ba Paulo S\u00e9rgio da Silva Messias e 3\u00ba Sandro Ramos dos Santos.<\/p>\n<p><strong>BOCA CHEIA:<\/strong> 1\u00ba Sandro Ramos dos Santos; 2\u00ba Sandro Ramos dos Santos e 3\u00ba Carlos de Pontes Medeiros.<\/p>\n<p><a href=\"http:\/\/caririemacao.com\/1\/wp-content\/uploads\/2017\/04\/DSC_0126-1.jpg\"><img decoding=\"async\" class=\"aligncenter wp-image-18746 size-full lazyload\" data-src=\"http:\/\/caririemacao.com\/1\/wp-content\/uploads\/2017\/04\/DSC_0126-1.jpg\" alt=\"DSC_0126\" width=\"800\" height=\"532\" data-srcset=\"https:\/\/www.caririemacao.com\/1\/wp-content\/uploads\/2017\/04\/DSC_0126-1.jpg 800w, https:\/\/www.caririemacao.com\/1\/wp-content\/uploads\/2017\/04\/DSC_0126-1-300x200.jpg 300w, https:\/\/www.caririemacao.com\/1\/wp-content\/uploads\/2017\/04\/DSC_0126-1-768x511.jpg 768w\" data-sizes=\"(max-width: 800px) 100vw, 800px\" src=\"data:image\/svg+xml;base64,PHN2ZyB3aWR0aD0iMSIgaGVpZ2h0PSIxIiB4bWxucz0iaHR0cDovL3d3dy53My5vcmcvMjAwMC9zdmciPjwvc3ZnPg==\" style=\"--smush-placeholder-width: 800px; --smush-placeholder-aspect-ratio: 800\/532;\" \/><\/a><\/p>\n<p>Ainda como forma de incentivo foi doado 50 quilos de trigo e silagem para o produtor que menos produziu com o seu animal na disputa. A Festa da Cabra Rainha \u00e9 uma realiza\u00e7\u00e3o da Prefeitura de Municipal de Santo Andr\u00e9, atrav\u00e9s da secret\u00e1ria de agricultura em parceria com a Associa\u00e7\u00e3o de caprinocultores do munic\u00edpio.<\/p>\n<p><a href=\"http:\/\/caririemacao.com\/1\/wp-content\/uploads\/2017\/04\/DSC_0032.jpg\"><img decoding=\"async\" class=\"aligncenter wp-image-18747 size-full lazyload\" data-src=\"http:\/\/caririemacao.com\/1\/wp-content\/uploads\/2017\/04\/DSC_0032.jpg\" alt=\"DSC_0032\" width=\"800\" height=\"532\" data-srcset=\"https:\/\/www.caririemacao.com\/1\/wp-content\/uploads\/2017\/04\/DSC_0032.jpg 800w, https:\/\/www.caririemacao.com\/1\/wp-content\/uploads\/2017\/04\/DSC_0032-300x200.jpg 300w, https:\/\/www.caririemacao.com\/1\/wp-content\/uploads\/2017\/04\/DSC_0032-768x511.jpg 768w\" data-sizes=\"(max-width: 800px) 100vw, 800px\" src=\"data:image\/svg+xml;base64,PHN2ZyB3aWR0aD0iMSIgaGVpZ2h0PSIxIiB4bWxucz0iaHR0cDovL3d3dy53My5vcmcvMjAwMC9zdmciPjwvc3ZnPg==\" style=\"--smush-placeholder-width: 800px; --smush-placeholder-aspect-ratio: 800\/532;\" \/><\/a><\/p>\n<p>O objetivo da Festa da Cabra Rainha \u00e9 promover o desenvolvimento socioecon\u00f4mico e cultural do munic\u00edpio, contribuindo para o fortalecimento da cadeia produtiva, e consequentemente mostrar o potencial da maior bacia leiteira do Cariri que \u00e9 a cidade de Santo Andr\u00e9.<\/p>\n<p><a href=\"https:\/\/www.facebook.com\/pg\/CaririEmAcao\/photos\/?tab=album&amp;album_id=1009445319191491\"><strong>Veja todas as foto clicando aqui\u00a0Fotos exclusivas do Portal de Not\u00edcias CARIRI EM A\u00c7\u00c3O. Direitos reservados &#8211; Copyright \u00a9 2017 Cariri em A\u00e7\u00e3o.<\/strong><\/a><\/p>\n<p><strong>CARIRI EM A\u00c7\u00c3O<\/strong><\/p>\n<p><strong>Leia mais not\u00edcias em\u00a0<\/strong><a href=\"http:\/\/www.caririemacao.com\/\"><strong>caririemacao.com<\/strong><\/a><strong>, siga nossa p\u00e1gina no\u00a0<\/strong><a href=\"https:\/\/www.facebook.com\/CaririEmAcao\/?ref=aymt_homepage_panel\"><strong>Facebook<\/strong><\/a><strong>\u00a0e\u00a0<a href=\"https:\/\/www.instagram.com\/cariri_em_acao\/?hl=pt-br\">Instagram<\/a>\u00a0veja nossas mat\u00e9rias e fotos. Voc\u00ea tamb\u00e9m pode enviar informa\u00e7\u00f5es \u00e0 Reda\u00e7\u00e3o do Portal Cariri em A\u00e7\u00e3o pelo WhatsApp (83) 9 9634.5791, (83) 9 9601-1162.<\/strong><\/p>\n","protected":false},"excerpt":{"rendered":"<p>Aconteceu no \u00faltimo s\u00e1bado (29), torneio leiteiro em Santo Andr\u00e9, o evento fazia parte da programa\u00e7\u00e3o da 2\u00aa Festa da Cabra Rainha, que reuniu v\u00e1rios&hellip; <\/p>\n","protected":false},"author":2,"featured_media":18742,"comment_status":"closed","ping_status":"closed","sticky":false,"template":"","format":"standard","meta":{"sfsi_plus_gutenberg_text_before_share":"","sfsi_plus_gutenberg_show_text_before_share":"","sfsi_plus_gutenberg_icon_type":"","sfsi_plus_gutenberg_icon_alignemt":"","sfsi_plus_gutenburg_max_per_row":"","footnotes":""},"categories":[6],"tags":[],"class_list":["post-18740","post","type-post","status-publish","format-standard","has-post-thumbnail","hentry","category-cidades"],"_links":{"self":[{"href":"https:\/\/www.caririemacao.com\/1\/wp-json\/wp\/v2\/posts\/18740","targetHints":{"allow":["GET"]}}],"collection":[{"href":"https:\/\/www.caririemacao.com\/1\/wp-json\/wp\/v2\/posts"}],"about":[{"href":"https:\/\/www.caririemacao.com\/1\/wp-json\/wp\/v2\/types\/post"}],"author":[{"embeddable":true,"href":"https:\/\/www.caririemacao.com\/1\/wp-json\/wp\/v2\/users\/2"}],"replies":[{"embeddable":true,"href":"https:\/\/www.caririemacao.com\/1\/wp-json\/wp\/v2\/comments?post=18740"}],"version-history":[{"count":0,"href":"https:\/\/www.caririemacao.com\/1\/wp-json\/wp\/v2\/posts\/18740\/revisions"}],"wp:featuredmedia":[{"embeddable":true,"href":"https:\/\/www.caririemacao.com\/1\/wp-json\/wp\/v2\/media\/18742"}],"wp:attachment":[{"href":"https:\/\/www.caririemacao.com\/1\/wp-json\/wp\/v2\/media?parent=18740"}],"wp:term":[{"taxonomy":"category","embeddable":true,"href":"https:\/\/www.caririemacao.com\/1\/wp-json\/wp\/v2\/categories?post=18740"},{"taxonomy":"post_tag","embeddable":true,"href":"https:\/\/www.caririemacao.com\/1\/wp-json\/wp\/v2\/tags?post=18740"}],"curies":[{"name":"wp","href":"https:\/\/api.w.org\/{rel}","templated":true}]}}