{"id":187448,"date":"2020-09-09T07:49:34","date_gmt":"2020-09-09T10:49:34","guid":{"rendered":"https:\/\/www.caririemacao.com\/1\/?p=187448"},"modified":"2020-09-09T07:49:34","modified_gmt":"2020-09-09T10:49:34","slug":"bolsonaro-diz-que-ficou-com-pecha-de-genocida-por-defender-a-cloroquina","status":"publish","type":"post","link":"https:\/\/www.caririemacao.com\/1\/2020\/09\/09\/bolsonaro-diz-que-ficou-com-pecha-de-genocida-por-defender-a-cloroquina\/","title":{"rendered":"Bolsonaro diz que ficou com pecha de genocida por defender a cloroquina"},"content":{"rendered":"\n<h3 class=\"wp-block-heading\"><\/h3>\n\n\n\n<h1 class=\"wp-block-heading\"><\/h1>\n\n\n\n<p>As pesquisas sobre a droga s\u00e3o preliminares e n\u00e3o h\u00e1 comprova\u00e7\u00e3o nem da efic\u00e1cia nem da seguran\u00e7a do rem\u00e9dio no combate \u00e0 doen\u00e7a.<\/p>\n\n\n\n<p>&#8220;Eu estou com a pecha de genocida por falar da cloroquina e por alguns acharem que eu devia fazer algo mais. Como, se eu fui impedido em muitas coisas pelo STF (Supremo Tribunal Federal)?&#8221;, questionou.<\/p>\n\n\n\n<p>O presidente fez a avalia\u00e7\u00e3o durante encontro, promovido no Pal\u00e1cio do Planalto, com integrantes do movimento M\u00e9dicos pela Vida, formado por defensores da subst\u00e2ncia.<\/p>\n\n\n\n<p>Em discurso, ele disse ainda que estudos recentes apontam que, caso tivesse sido utilizada desde o in\u00edcio da pandemia, a cloroquina poderia ter reduzido em at\u00e9 30% o n\u00famero de \u00f3bitos no pa\u00eds.<\/p>\n\n\n\n<p>O presidente n\u00e3o citou, por\u00e9m, a que estudos fazia refer\u00eancia e observou que se trata de pesquisas ainda n\u00e3o consolidadas.<\/p>\n\n\n\n<p>&#8220;Hoje, muitos estudos mostram que a cloroquina pode, sim, evitar que pessoas sejam levadas para a UTI (Unidade de Terapia Intensiva) ou at\u00e9 mesmo sejam intubadas. E, pelo o que tudo indica, alguns estudos tamb\u00e9m chegaram ao meu conhecimento de que o n\u00famero de \u00f3bitos poderia ser evitado em at\u00e9 30%. L\u00f3gico que os estudos n\u00e3o est\u00e3o consolidados ainda&#8221;, disse.<\/p>\n\n\n\n<p>O presidente estimou que, caso os estudos sejam comprovados, quase 40 mil pessoas n\u00e3o teriam morrido da doen\u00e7a no pa\u00eds.<\/p>\n\n\n\n<p>&#8220;Quase 40 mil pessoas poderiam ter suas vidas preservadas, mas parece que no Brasil isso foi politizado. Come\u00e7aram a chamar alguns de rem\u00e9dio do Bolsonaro, mas eu n\u00e3o sou m\u00e9dico. A gente tinha de apresentar uma alternativa&#8221;, disse.<\/p>\n\n\n\n<p>O encontro contou com as participa\u00e7\u00f5es, entre outros m\u00e9dicos, do deputado federal Osmar Terra (MDB-RS), defensor da subst\u00e2ncia e cr\u00edtico do isolamento total, e da imunologista Nise Yamaguchi, que j\u00e1 foi cotada para assumir o Minist\u00e9rio da Sa\u00fade.<\/p>\n\n\n\n<p>Em discurso, Terra tamb\u00e9m defendeu que a hidroxicloroquina, apesar de ainda estar em teste, apresentou resultados positivos no combate \u00e0 doen\u00e7a.<\/p>\n\n\n\n<p>&#8220;Politizaram a quest\u00e3o. N\u00e3o foi o presidente quem politizou. O fato de ele ter sugerido foi uma ben\u00e7\u00e3o, porque deu for\u00e7a a dezenas de m\u00e9dicos&#8221;, disse.<\/p>\n\n\n\n<p>O presidente voltou a afirmar que ningu\u00e9m pode ser obrigado a tomar uma vacina contra o coronav\u00edrus e ressaltou que ela ainda precisa passar por etapas cient\u00edficas antes de ser oferecida.<\/p>\n\n\n\n<p>&#8220;Eu falei outro dia: &#8216;Ningu\u00e9m vai ser obrigado a tomar vacina&#8217;. O mundo caiu na minha cabe\u00e7a. A vacina \u00e9 uma coisa que, no meu entender, voc\u00ea faz a campanha e busca uma solu\u00e7\u00e3o. N\u00e3o pode amarrar o cara e dar a vacina nele&#8221;, disse.<\/p>\n\n\n\n<p>Mais cedo, o ministro da Sa\u00fade, Eduardo Pazuello, afirmou que o pa\u00eds dar\u00e1 in\u00edcio em janeiro \u00e0 vacina\u00e7\u00e3o da popula\u00e7\u00e3o contra o novo coronav\u00edrus.<\/p>\n\n\n\n<p>Em reuni\u00e3o ministerial, ele disse que as primeiras doses devem chegar a partir do in\u00edcio do pr\u00f3ximo ano e que o plano \u00e9 j\u00e1 imunizar &#8220;todo mundo&#8221;.<\/p>\n\n\n\n<p>&#8220;A gente est\u00e1 fazendo ali os contratos com quem fabrica a vacina e a previs\u00e3o \u00e9 de que essa vacina chegue para n\u00f3s a partir de janeiro. Em janeiro do ano que vem, a gente come\u00e7a a vacinar todo mundo&#8221;, disse.<\/p>\n\n\n\n<p>A pasta prev\u00ea que, inicialmente, chegar\u00e3o ao pa\u00eds 100,4 milh\u00f5es de doses da vacina em desenvolvimento pela Universidade de Oxford e pelo laborat\u00f3rio AstraZeneca, produzida em parceria com a Fiocruz. A estimativa \u00e9 de que a segunda dose seja disponibilizada no segundo semestre do pr\u00f3ximo ano.<\/p>\n","protected":false},"excerpt":{"rendered":"<p>As pesquisas sobre a droga s\u00e3o preliminares e n\u00e3o h\u00e1 comprova\u00e7\u00e3o nem da efic\u00e1cia nem da seguran\u00e7a do rem\u00e9dio no combate \u00e0 doen\u00e7a. &#8220;Eu estou&hellip; <\/p>\n","protected":false},"author":2,"featured_media":187449,"comment_status":"closed","ping_status":"closed","sticky":false,"template":"","format":"standard","meta":{"sfsi_plus_gutenberg_text_before_share":"","sfsi_plus_gutenberg_show_text_before_share":"","sfsi_plus_gutenberg_icon_type":"","sfsi_plus_gutenberg_icon_alignemt":"","sfsi_plus_gutenburg_max_per_row":"","footnotes":""},"categories":[11],"tags":[],"class_list":["post-187448","post","type-post","status-publish","format-standard","has-post-thumbnail","hentry","category-politica"],"_links":{"self":[{"href":"https:\/\/www.caririemacao.com\/1\/wp-json\/wp\/v2\/posts\/187448","targetHints":{"allow":["GET"]}}],"collection":[{"href":"https:\/\/www.caririemacao.com\/1\/wp-json\/wp\/v2\/posts"}],"about":[{"href":"https:\/\/www.caririemacao.com\/1\/wp-json\/wp\/v2\/types\/post"}],"author":[{"embeddable":true,"href":"https:\/\/www.caririemacao.com\/1\/wp-json\/wp\/v2\/users\/2"}],"replies":[{"embeddable":true,"href":"https:\/\/www.caririemacao.com\/1\/wp-json\/wp\/v2\/comments?post=187448"}],"version-history":[{"count":1,"href":"https:\/\/www.caririemacao.com\/1\/wp-json\/wp\/v2\/posts\/187448\/revisions"}],"predecessor-version":[{"id":187450,"href":"https:\/\/www.caririemacao.com\/1\/wp-json\/wp\/v2\/posts\/187448\/revisions\/187450"}],"wp:featuredmedia":[{"embeddable":true,"href":"https:\/\/www.caririemacao.com\/1\/wp-json\/wp\/v2\/media\/187449"}],"wp:attachment":[{"href":"https:\/\/www.caririemacao.com\/1\/wp-json\/wp\/v2\/media?parent=187448"}],"wp:term":[{"taxonomy":"category","embeddable":true,"href":"https:\/\/www.caririemacao.com\/1\/wp-json\/wp\/v2\/categories?post=187448"},{"taxonomy":"post_tag","embeddable":true,"href":"https:\/\/www.caririemacao.com\/1\/wp-json\/wp\/v2\/tags?post=187448"}],"curies":[{"name":"wp","href":"https:\/\/api.w.org\/{rel}","templated":true}]}}