{"id":187561,"date":"2020-09-10T06:04:47","date_gmt":"2020-09-10T09:04:47","guid":{"rendered":"https:\/\/www.caririemacao.com\/1\/?p=187561"},"modified":"2020-09-10T06:04:47","modified_gmt":"2020-09-10T09:04:47","slug":"prefeita-anna-lorena-desmente-blog-e-acionara-responsaveis-na-justica","status":"publish","type":"post","link":"https:\/\/www.caririemacao.com\/1\/2020\/09\/10\/prefeita-anna-lorena-desmente-blog-e-acionara-responsaveis-na-justica\/","title":{"rendered":"Prefeita Anna Lorena desmente blog e acionar\u00e1 respons\u00e1veis na justi\u00e7a"},"content":{"rendered":"\n<h1 class=\"wp-block-heading\"><\/h1>\n\n\n\n<p>A prefeita e pr\u00e9-candidata a reelei\u00e7\u00e3o, Anna Lorena (PL), desmentiu no final da tarde desta ter\u00e7a-feira (08), um site ligado ao grupo de oposi\u00e7\u00e3o de Monteiro, que veiculou uma not\u00edcia fake news dando conta que a mesma estaria sem as certid\u00f5es exigidas pela Justi\u00e7a Eleitoral e n\u00e3o poderia ser candidata.<\/p>\n\n\n\n<p>A prefeita Anna Lorena lamentou a informa\u00e7\u00e3o, pois j\u00e1 est\u00e1 com todas certid\u00f5es exigidas pela justi\u00e7a eleitoral, e que n\u00e3o h\u00e1 nenhuma condena\u00e7\u00e3o contra ela na justi\u00e7a em nenhuma inst\u00e2ncia de qualquer esfera judicial, estando totalmente apta para disputar a reelei\u00e7\u00e3o.<\/p>\n\n\n\n<p>\u201cJ\u00e1 estou com todas minhas certid\u00f5es emitidas, e n\u00e3o tenho nenhuma condena\u00e7\u00e3o em nenhuma inst\u00e2ncia ou esfera judicial. Essa not\u00edcia s\u00f3 nos mostra o quanto a oposi\u00e7\u00e3o est\u00e1 desesperada, atirando para todos os lados. Monteiro dar\u00e1 a resposta a essa fam\u00edlia que se intitula dona de Monteiro e que acha que o nosso munic\u00edpio \u00e9 patrim\u00f4nio de heran\u00e7a de uma fam\u00edlia\u201d, afirmou Anna Lorena.<\/p>\n\n\n\n<p>A assessoria jur\u00eddica da prefeita Anna Lorena informou que j\u00e1 est\u00e1 acionando os respons\u00e1veis pelo site na justi\u00e7a, em virtude da fake news contra a pr\u00e9-candidata a reelei\u00e7\u00e3o, com pedido de liminar para que a mat\u00e9ria seja retirada do ar.<\/p>\n","protected":false},"excerpt":{"rendered":"<p>A prefeita e pr\u00e9-candidata a reelei\u00e7\u00e3o, Anna Lorena (PL), desmentiu no final da tarde desta ter\u00e7a-feira (08), um site ligado ao grupo de oposi\u00e7\u00e3o de&hellip; <\/p>\n","protected":false},"author":2,"featured_media":187562,"comment_status":"closed","ping_status":"closed","sticky":false,"template":"","format":"standard","meta":{"sfsi_plus_gutenberg_text_before_share":"","sfsi_plus_gutenberg_show_text_before_share":"","sfsi_plus_gutenberg_icon_type":"","sfsi_plus_gutenberg_icon_alignemt":"","sfsi_plus_gutenburg_max_per_row":"","footnotes":""},"categories":[50,2],"tags":[],"class_list":["post-187561","post","type-post","status-publish","format-standard","has-post-thumbnail","hentry","category-destaque","category-geral"],"_links":{"self":[{"href":"https:\/\/www.caririemacao.com\/1\/wp-json\/wp\/v2\/posts\/187561","targetHints":{"allow":["GET"]}}],"collection":[{"href":"https:\/\/www.caririemacao.com\/1\/wp-json\/wp\/v2\/posts"}],"about":[{"href":"https:\/\/www.caririemacao.com\/1\/wp-json\/wp\/v2\/types\/post"}],"author":[{"embeddable":true,"href":"https:\/\/www.caririemacao.com\/1\/wp-json\/wp\/v2\/users\/2"}],"replies":[{"embeddable":true,"href":"https:\/\/www.caririemacao.com\/1\/wp-json\/wp\/v2\/comments?post=187561"}],"version-history":[{"count":1,"href":"https:\/\/www.caririemacao.com\/1\/wp-json\/wp\/v2\/posts\/187561\/revisions"}],"predecessor-version":[{"id":187563,"href":"https:\/\/www.caririemacao.com\/1\/wp-json\/wp\/v2\/posts\/187561\/revisions\/187563"}],"wp:featuredmedia":[{"embeddable":true,"href":"https:\/\/www.caririemacao.com\/1\/wp-json\/wp\/v2\/media\/187562"}],"wp:attachment":[{"href":"https:\/\/www.caririemacao.com\/1\/wp-json\/wp\/v2\/media?parent=187561"}],"wp:term":[{"taxonomy":"category","embeddable":true,"href":"https:\/\/www.caririemacao.com\/1\/wp-json\/wp\/v2\/categories?post=187561"},{"taxonomy":"post_tag","embeddable":true,"href":"https:\/\/www.caririemacao.com\/1\/wp-json\/wp\/v2\/tags?post=187561"}],"curies":[{"name":"wp","href":"https:\/\/api.w.org\/{rel}","templated":true}]}}