{"id":187564,"date":"2020-09-10T06:06:59","date_gmt":"2020-09-10T09:06:59","guid":{"rendered":"https:\/\/www.caririemacao.com\/1\/?p=187564"},"modified":"2020-09-10T06:06:59","modified_gmt":"2020-09-10T09:06:59","slug":"agencias-do-inss-vao-reabrir-apos-6-meses-fechadas","status":"publish","type":"post","link":"https:\/\/www.caririemacao.com\/1\/2020\/09\/10\/agencias-do-inss-vao-reabrir-apos-6-meses-fechadas\/","title":{"rendered":"Ag\u00eancias do INSS v\u00e3o reabrir ap\u00f3s 6 meses fechadas"},"content":{"rendered":"\n<h1 class=\"wp-block-heading\"><\/h1>\n\n\n\n<p>O \u00f3rg\u00e3o afirma que, por enquanto, o hor\u00e1rio de funcionamento dos postos ser\u00e1 reduzido, das 7h \u00e0s 13h, e que o atendimento ser\u00e1 exclusivo aos segurados e benefici\u00e1rios com agendamento pr\u00e9vio pelo Meu INSS ou pelo telefone 135.<\/p>\n\n\n\n<p>O INSS diz ainda que, como forma de preven\u00e7\u00e3o \u00e0 Covid-19, providenciou materiais de seguran\u00e7a e higiene, tais como equipamentos de prote\u00e7\u00e3o individual (luvas, m\u00e1scaras, escudos faciais, aventais e toucas), \u00e1lcool em gel, lixeiras com tampa e pedais (para que n\u00e3o haja contato com materiais descartados) e barreiras de acr\u00edlico nos guich\u00eas de atendimento.<\/p>\n\n\n\n<p>Protocolos como medi\u00e7\u00e3o de temperatura na entrada das ag\u00eancias e intensifica\u00e7\u00e3o da limpeza dos ambientes tamb\u00e9m foram adotados.<\/p>\n\n\n\n<p>\u201cAs ag\u00eancias que reabrir\u00e3o seguir\u00e3o todos os protocolos de distanciamento, com a devida sinaliza\u00e7\u00e3o nos pisos e demais orienta\u00e7\u00f5es. Em cartazes, constar\u00e3o todos os protocolos de seguran\u00e7a e a sinaliza\u00e7\u00e3o por cor em cada \u00e1rea das ag\u00eancias, alertando segurados e servidores de que, naqueles locais, \u00e9 obrigat\u00f3rio o uso de determinados equipamentos de prote\u00e7\u00e3o\u201d, afirma o \u00f3rg\u00e3o, que diz que tamb\u00e9m adotou a medi\u00e7\u00e3o de temperatura obrigat\u00f3rio na entrada.<\/p>\n\n\n\n<p>As tentativas de retomada do atendimento presencial, que foi suspenso devido \u00e0 pandemia da Covid-19, j\u00e1 vinham se arrastando h\u00e1 meses. Em meio a resist\u00eancia e amea\u00e7as de greve por parte dos servidores da Previd\u00eancia, a reabertura chegou a ser adiada sete vezes.<\/p>\n\n\n\n<p>Representantes da categoria queixavam-se da falta de seguran\u00e7a e higiene nos postos.<\/p>\n\n\n\n<p>O atendimento, durante o per\u00edodo em que os postos est\u00e3o fechados, est\u00e1 sendo feito de forma remota, exclusivamente pelo telefone, na Central 135, ou pelo portal Meu INSS e aplicativo para celular.<\/p>\n\n\n\n<p>Enquanto aguarda, o segurado tem, al\u00e9m do telefone e da internet, a op\u00e7\u00e3o de atendimento pelo sistema drive-thru, no qual \u00e9 poss\u00edvel entregar c\u00f3pias de documentos em urnas colocadas na frente das ag\u00eancias em todo o pa\u00eds.<\/p>\n","protected":false},"excerpt":{"rendered":"<p>O \u00f3rg\u00e3o afirma que, por enquanto, o hor\u00e1rio de funcionamento dos postos ser\u00e1 reduzido, das 7h \u00e0s 13h, e que o atendimento ser\u00e1 exclusivo aos&hellip; <\/p>\n","protected":false},"author":2,"featured_media":187565,"comment_status":"closed","ping_status":"closed","sticky":false,"template":"","format":"standard","meta":{"sfsi_plus_gutenberg_text_before_share":"","sfsi_plus_gutenberg_show_text_before_share":"","sfsi_plus_gutenberg_icon_type":"","sfsi_plus_gutenberg_icon_alignemt":"","sfsi_plus_gutenburg_max_per_row":"","footnotes":""},"categories":[2],"tags":[],"class_list":["post-187564","post","type-post","status-publish","format-standard","has-post-thumbnail","hentry","category-geral"],"_links":{"self":[{"href":"https:\/\/www.caririemacao.com\/1\/wp-json\/wp\/v2\/posts\/187564","targetHints":{"allow":["GET"]}}],"collection":[{"href":"https:\/\/www.caririemacao.com\/1\/wp-json\/wp\/v2\/posts"}],"about":[{"href":"https:\/\/www.caririemacao.com\/1\/wp-json\/wp\/v2\/types\/post"}],"author":[{"embeddable":true,"href":"https:\/\/www.caririemacao.com\/1\/wp-json\/wp\/v2\/users\/2"}],"replies":[{"embeddable":true,"href":"https:\/\/www.caririemacao.com\/1\/wp-json\/wp\/v2\/comments?post=187564"}],"version-history":[{"count":1,"href":"https:\/\/www.caririemacao.com\/1\/wp-json\/wp\/v2\/posts\/187564\/revisions"}],"predecessor-version":[{"id":187566,"href":"https:\/\/www.caririemacao.com\/1\/wp-json\/wp\/v2\/posts\/187564\/revisions\/187566"}],"wp:featuredmedia":[{"embeddable":true,"href":"https:\/\/www.caririemacao.com\/1\/wp-json\/wp\/v2\/media\/187565"}],"wp:attachment":[{"href":"https:\/\/www.caririemacao.com\/1\/wp-json\/wp\/v2\/media?parent=187564"}],"wp:term":[{"taxonomy":"category","embeddable":true,"href":"https:\/\/www.caririemacao.com\/1\/wp-json\/wp\/v2\/categories?post=187564"},{"taxonomy":"post_tag","embeddable":true,"href":"https:\/\/www.caririemacao.com\/1\/wp-json\/wp\/v2\/tags?post=187564"}],"curies":[{"name":"wp","href":"https:\/\/api.w.org\/{rel}","templated":true}]}}