{"id":187571,"date":"2020-09-10T06:34:59","date_gmt":"2020-09-10T09:34:59","guid":{"rendered":"https:\/\/www.caririemacao.com\/1\/?p=187571"},"modified":"2020-09-10T06:34:59","modified_gmt":"2020-09-10T09:34:59","slug":"paraiba-passa-dos-110-mil-infectados-pela-covid-19-veja-os-numeros-desta-quarta","status":"publish","type":"post","link":"https:\/\/www.caririemacao.com\/1\/2020\/09\/10\/paraiba-passa-dos-110-mil-infectados-pela-covid-19-veja-os-numeros-desta-quarta\/","title":{"rendered":"Para\u00edba passa dos 110 mil infectados pela Covid-19; veja os n\u00fameros desta quarta"},"content":{"rendered":"\n<h1 class=\"wp-block-heading\"><\/h1>\n\n\n\n<p>Nesta quarta-feira, 09, a Para\u00edba registrou 867 novos casos de Covid-19 e 15 \u00f3bitos confirmados desde a \u00faltima atualiza\u00e7\u00e3o, 08 deles ocorridos nas \u00faltimas 24h.<\/p>\n\n\n\n<p>Conforme o boletim da Secretaria de Estado da Sa\u00fade, 110.727 pessoas j\u00e1 contra\u00edram a doen\u00e7a, 81.927 j\u00e1 se recuperaram e 2.578, infelizmente, faleceram.<\/p>\n\n\n\n<p>At\u00e9 o momento, 330.032 testes para diagn\u00f3stico da Covid-19 j\u00e1 foram realizados.<\/p>\n\n\n\n<p>A ocupa\u00e7\u00e3o total de leitos de UTI (adulto, pedi\u00e1trico e obst\u00e9trico) em todo o estado \u00e9 de 40%.<\/p>\n\n\n\n<p>Fazendo um recorte apenas dos leitos de UTI para adultos na Regi\u00e3o Metropolitana de Jo\u00e3o Pessoa, a taxa de ocupa\u00e7\u00e3o chega a 32%.<\/p>\n\n\n\n<p>Em Campina Grande est\u00e3o ocupados 49% dos leitos de UTI adulto e no sert\u00e3o 61% dos leitos de UTI para adultos.<\/p>\n\n\n\n<p>Os casos confirmados est\u00e3o distribu\u00eddos por todos os 223 munic\u00edpios paraibanos:<\/p>\n\n\n\n<p>\u00c1gua Branca (60); Aguiar (23);&nbsp;<strong>Alagoa Grande (1140)<\/strong>; Alagoa Nova (332); Alagoinha (978); Alcantil (66); Algod\u00e3o de Janda\u00edra (20); Alhandra (648); Amparo (17); Aparecida (112); Ara\u00e7agi (502); Arara (225); Araruna (248); Areia (478); Areia de Bara\u00fanas (11); Areial (55); Aroeiras (216); Assun\u00e7\u00e3o (46); Baia da Trai\u00e7\u00e3o (654); Bananeiras (396); Bara\u00fana (139); Barra de Santa Rosa (93); Barra de Santana (104); Barra de S\u00e3o Miguel (63);&nbsp;<strong>Bayeux (1807)<\/strong>;&nbsp;<strong>Bel\u00e9m (1073)<\/strong>; Bel\u00e9m do Brejo do Cruz (59); Bernardino Batista (23); Boa Ventura (13); Boa Vista (122); Bom Jesus (30); Bom Sucesso (24); Bonito de Santa F\u00e9 (79); Boqueir\u00e3o (395); Borborema (44); Brejo do Cruz (491); Brejo dos Santos (59);<\/p>\n\n\n\n<p>Caapor\u00e3 (969); Cabaceiras (97);&nbsp;<strong>Cabedelo (2822)<\/strong>; Cachoeira dos \u00cdndios (101); Cacimba de Areia (10); Cacimba de Dentro (328); Cacimbas (47); Cai\u00e7ara (447);&nbsp;<strong>Cajazeiras (1762)<\/strong>; Cajazeirinhas (34); Caldas Brand\u00e3o (316); Camala\u00fa (26);&nbsp;<strong>Campina Grande (12490)<\/strong>; Capim (154); Cara\u00fabas (43); Carrapateira (53); Casserengue (379); Catingueira (19), Catol\u00e9 do Rocha (554); Caturit\u00e9 (102); Concei\u00e7\u00e3o (592); Condado (149); Conde (801); Congo (97); Coremas (150); Coxixola (37); Cruz do Esp\u00edrito Santo (352); Cubati (80); Cuit\u00e9 (282); Cuit\u00e9 de Mamanguape (129); Cuiteg\u00ed (388); Curral de Cima (38); Curral Velho (3), Dami\u00e3o (45); Desterro (63); Diamante (254); Dona In\u00eas (104); Duas Estradas (84); Emas (59); Esperan\u00e7a (525); Fagundes (111); Frei Martinho (20);<\/p>\n\n\n\n<p>Gado Bravo (103);&nbsp;<strong>Guarabira (4275)<\/strong>; Gurinh\u00e9m (443); Gurj\u00e3o (33); Ibiara (122); Igaracy (14); Imaculada (63);&nbsp;<strong>Ing\u00e1 (1409)<\/strong>;&nbsp;<strong>Itabaiana (1110)<\/strong>; Itaporanga (433); Itapororoca (902); Itatuba (346); Jacara\u00fa (314); Jeric\u00f3 (36);&nbsp;<strong>Jo\u00e3o Pessoa (27723)<\/strong>; Joca Claudino (19); Juarez T\u00e1vora (432); Juazeirinho (240); Junco do Serid\u00f3 (100); Juripiranga (520); Juru (176); Lagoa (6); Lagoa de Dentro (143); Lagoa Seca (713); Lastro (25); Livramento (107); Logradouro (160); Lucena (464); M\u00e3e d\u2019\u00c1gua (19); Malta (114);&nbsp;<strong>Mamanguape (2281)<\/strong>; Mana\u00edra (14); Marca\u00e7\u00e3o (438);&nbsp;<strong>Mari (1168)<\/strong>; Mariz\u00f3polis (37); Massaranduba (343); Mataraca (215); Matinhas (73); Mato Grosso (18); Matureia (43); Mogeiro (251); Montadas (52); Monte Horebe (42); Monteiro (612); Mulungu (421); Natuba (77); Nazarezinho (51); Nova Floresta (100), Nova Olinda (16); Nova Palmeira (84);<\/p>\n\n\n\n<p>Olho D\u00b4\u00c1gua (42); Olivedos (117); Ouro Velho (3); Parari (6); Passagem (30);&nbsp;<strong>Patos (3850)<\/strong>; Paulista (281); Pedra Branca (17); Pedra Lavrada (41);&nbsp;<strong>Pedras de Fogo (1318)<\/strong>; Pedro R\u00e9gis (72); Pianc\u00f3 (190); Picu\u00ed (300); Pilar (485); Pil\u00f5es (134); Pil\u00f5ezinhos (348); Pirpirituba (323); Pitimbu (641); Pocinhos (213); Po\u00e7o Dantas (21); Po\u00e7o de Jos\u00e9 Moura (30); Pombal (610); Prata (9); Princesa Isabel (133); Puxinan\u00e3 (297);&nbsp;<strong>Queimadas (1258)<\/strong>; Quixaba (35); Rem\u00edgio (258); Riach\u00e3o (80); Riach\u00e3o do Bacamarte (235); Riach\u00e3o do Po\u00e7o (94); Riacho de Santo Ant\u00f4nio (33); Riacho dos Cavalos (21);&nbsp;<strong>Rio Tinto (1123)<\/strong>;<\/p>\n\n\n\n<p>Salgadinho (31); Salgado de S\u00e3o Felix (265); Santa Cec\u00edlia (90); Santa Cruz (61); Santa Helena (21); Santa In\u00eas (77); Santa Luzia (270);<strong>&nbsp;Santa Rita (3210)<\/strong>; Santa Terezinha (59); Santana de Mangueira (25); Santana dos Garrotes (23); Santo Andr\u00e9 (15); S\u00e3o Bentinho (70);&nbsp;<strong>S\u00e3o Bento (2289)<\/strong>; S\u00e3o Domingos (11); S\u00e3o Domingos do Cariri (64); S\u00e3o Francisco (34); S\u00e3o Jo\u00e3o do Cariri (109); S\u00e3o Jo\u00e3o do Rio do Peixe (362); S\u00e3o Jo\u00e3o do Tigre (17); S\u00e3o Jos\u00e9 da Lagoa Tapada (66); S\u00e3o Jos\u00e9 de Caiana (50); S\u00e3o Jos\u00e9 de Espinharas (68); S\u00e3o Jos\u00e9 de Piranhas (228); S\u00e3o Jos\u00e9 de Princesa (9); S\u00e3o Jos\u00e9 do Bonfim (58); S\u00e3o Jos\u00e9 do Brejo do Cruz (23); S\u00e3o Jos\u00e9 do Sabugi (262); S\u00e3o Jos\u00e9 dos Cordeiros (46);<\/p>\n\n\n\n<p>S\u00e3o Jos\u00e9 dos Ramos (259); S\u00e3o Mamede (54); S\u00e3o Miguel de Taipu (147); S\u00e3o Sebasti\u00e3o de Lagoa de Ro\u00e7a (256); S\u00e3o Sebasti\u00e3o do Umbuzeiro (21); S\u00e3o Vicente do Serid\u00f3 (48);&nbsp;<strong>Sap\u00e9 (1136)<\/strong>; Serra Branca (199); Serra da Ra\u00edz (57); Serra Grande (25); Serra Redonda (270); Serraria (175); Sert\u00e3ozinho (316); Sobrado (190); Sol\u00e2nea (696); Soledade (196); Sossego (15),&nbsp;<strong>Sousa (1886)<\/strong>; Sum\u00e9 (303); Tacima (124); Tapero\u00e1 (112); Tavares (172); Teixeira (179); Ten\u00f3rio (32); Triunfo (90); Uira\u00fana (185); Umbuzeiro (78); V\u00e1rzea (19); Vieir\u00f3polis (9); Vista Serrana (23), Zabel\u00ea (33).<\/p>\n\n\n\n<p>*Dados oficiais preliminares (fonte: SIM, e-sus VE e SIVEP) extra\u00eddos \u00e0s 10h do dia 09\/09, sujeitos a altera\u00e7\u00e3o por parte dos munic\u00edpios.<\/p>\n\n\n\n<p>At\u00e9 hoje, 161 cidades registraram \u00f3bitos por Covid-19. Os 15 \u00f3bitos registrados nesta quarta ocorreram entre 11 de junho e 09 de setembro, 08 deles nas \u00faltimas 24 horas, entre residentes de 07 munic\u00edpios.<\/p>\n\n\n\n<p>Os pacientes tinham idade entre 34 e 94 anos, 7 deles tinham menos de 65 anos. Cardiopatia foi a comorbidade mais frequente.<\/p>\n\n\n\n<p>Dos locais, tr\u00eas ocorreram em hospitais privados e os demais ocorreram em hospitais p\u00fablicos.<\/p>\n\n\n\n<p>Mulher, 48 anos, residente em Campina Grande. N\u00e3o possu\u00eda comorbidade. In\u00edcio dos sintomas em 25\/08\/2020. Foi a \u00f3bito em hospital p\u00fablico no dia 09\/09\/2020.<\/p>\n\n\n\n<p>Mulher, 61 anos, residente em Bel\u00e9m. Hipertensa, cardiopata e obesa. In\u00edcio dos sintomas em 20\/08\/2020. Foi a \u00f3bito em hospital p\u00fablico no dia 08\/09\/2020.<\/p>\n\n\n\n<p>Mulher, 80 anos, residente em Boqueir\u00e3o. Portadora de doen\u00e7a respirat\u00f3ria. In\u00edcio dos sintomas em 04\/08\/2020. Foi a \u00f3bito em hospital privado no dia 08\/09\/2020.<\/p>\n\n\n\n<p>Homem, 38 anos, residente em Campina Grande. Hipertenso. In\u00edcio dos sintomas em 29\/08\/2020. Foi a \u00f3bito em hospital privado no dia 08\/09\/2020.<\/p>\n\n\n\n<p>Mulher, 69 anos, residente em Campina Grande. Cardiopata, portadora de doen\u00e7a neurol\u00f3gica. In\u00edcio dos sintomas em 10\/08\/2020. Foi a \u00f3bito em hospital privado no dia 08\/09\/2020.<\/p>\n\n\n\n<p>Mulher, 72 anos, residente em Itaporanga. Hipertensa. In\u00edcio dos sintomas em 27\/08\/2020. Foi a \u00f3bito em hospital p\u00fablico no dia 08\/09\/2020.<\/p>\n\n\n\n<p>Homem, 34 anos, residente em Jo\u00e3o Pessoa. Comorbidade n\u00e3o informada. In\u00edcio dos sintomas em 07\/07\/2020. Foi a \u00f3bito em hospital p\u00fablico no dia 08\/09\/2020.<\/p>\n\n\n\n<p>Mulher, 78 anos, residente em Nazarezinho. Hipertensa, portadora de doen\u00e7a neurol\u00f3gica. In\u00edcio dos sintomas em 27\/08\/2020. Foi a \u00f3bito em hospital p\u00fablico no dia 08\/09\/2020<\/p>\n\n\n\n<p>Homem, 56 anos, residente em Jo\u00e3o Pessoa. Hipertenso, cardiopata, portador de doen\u00e7a respirat\u00f3ria. In\u00edcio dos sintomas em 17\/08\/2020. Foi a \u00f3bito em hospital p\u00fablico no dia 05\/09\/2020.<\/p>\n\n\n\n<p>Homem, 73 anos, residente em Jo\u00e3o Pessoa. Cardiopata. In\u00edcio dos sintomas em 28\/08\/2020. Foi a \u00f3bito em hospital p\u00fablico no dia 04\/09\/2020.<\/p>\n\n\n\n<p>Homem, 92 anos, residente em Campina Grande. Comorbidade n\u00e3o informada. In\u00edcio dos sintomas em 01\/08\/2020. Foi a \u00f3bito em hospital p\u00fablico no dia 22\/08\/2020.<\/p>\n\n\n\n<p>Homem, 52 anos, residente em Campina Grande. Diab\u00e9tico. In\u00edcio dos sintomas em 13\/07\/2020. Foi a \u00f3bito em hospital p\u00fablico no dia 28\/07\/2020.<\/p>\n\n\n\n<p>Mulher, 58 anos, residente em Bayeux. Portadora de c\u00e2ncer de pulm\u00e3o. In\u00edcio dos sintomas em 02\/06\/2020. Foi a \u00f3bito em hospital p\u00fablico no dia 21\/07\/2020.<\/p>\n\n\n\n<p>Mulher, 94 anos, residente em Campina Grande. Cardiopata. In\u00edcio dos sintomas em 12\/06\/2020. Foi a \u00f3bito em hospital p\u00fablico no dia 21\/06\/2020.<\/p>\n\n\n\n<p>Homem, 70 anos, residente em Campina Grande. Cardiopata, portador de doen\u00e7a respirat\u00f3ria. In\u00edcio dos sintomas em 07\/06\/2020. Foi a \u00f3bito em hospital p\u00fablico no dia 11\/06\/2020.<\/p>\n\n\n\n<p>Os dados epidemiol\u00f3gicos e de ocupa\u00e7\u00e3o de leitos est\u00e3o dispon\u00edveis em&nbsp;<a href=\"http:\/\/www.paraiba.pb.gov.br\/coronavirus\">www.paraiba.pb.gov.br\/coronavirus<\/a><\/p>\n","protected":false},"excerpt":{"rendered":"<p>Nesta quarta-feira, 09, a Para\u00edba registrou 867 novos casos de Covid-19 e 15 \u00f3bitos confirmados desde a \u00faltima atualiza\u00e7\u00e3o, 08 deles ocorridos nas \u00faltimas 24h.&hellip; <\/p>\n","protected":false},"author":2,"featured_media":187572,"comment_status":"closed","ping_status":"closed","sticky":false,"template":"","format":"standard","meta":{"sfsi_plus_gutenberg_text_before_share":"","sfsi_plus_gutenberg_show_text_before_share":"","sfsi_plus_gutenberg_icon_type":"","sfsi_plus_gutenberg_icon_alignemt":"","sfsi_plus_gutenburg_max_per_row":"","footnotes":""},"categories":[50,16],"tags":[],"class_list":["post-187571","post","type-post","status-publish","format-standard","has-post-thumbnail","hentry","category-destaque","category-saude"],"_links":{"self":[{"href":"https:\/\/www.caririemacao.com\/1\/wp-json\/wp\/v2\/posts\/187571","targetHints":{"allow":["GET"]}}],"collection":[{"href":"https:\/\/www.caririemacao.com\/1\/wp-json\/wp\/v2\/posts"}],"about":[{"href":"https:\/\/www.caririemacao.com\/1\/wp-json\/wp\/v2\/types\/post"}],"author":[{"embeddable":true,"href":"https:\/\/www.caririemacao.com\/1\/wp-json\/wp\/v2\/users\/2"}],"replies":[{"embeddable":true,"href":"https:\/\/www.caririemacao.com\/1\/wp-json\/wp\/v2\/comments?post=187571"}],"version-history":[{"count":1,"href":"https:\/\/www.caririemacao.com\/1\/wp-json\/wp\/v2\/posts\/187571\/revisions"}],"predecessor-version":[{"id":187573,"href":"https:\/\/www.caririemacao.com\/1\/wp-json\/wp\/v2\/posts\/187571\/revisions\/187573"}],"wp:featuredmedia":[{"embeddable":true,"href":"https:\/\/www.caririemacao.com\/1\/wp-json\/wp\/v2\/media\/187572"}],"wp:attachment":[{"href":"https:\/\/www.caririemacao.com\/1\/wp-json\/wp\/v2\/media?parent=187571"}],"wp:term":[{"taxonomy":"category","embeddable":true,"href":"https:\/\/www.caririemacao.com\/1\/wp-json\/wp\/v2\/categories?post=187571"},{"taxonomy":"post_tag","embeddable":true,"href":"https:\/\/www.caririemacao.com\/1\/wp-json\/wp\/v2\/tags?post=187571"}],"curies":[{"name":"wp","href":"https:\/\/api.w.org\/{rel}","templated":true}]}}