{"id":187575,"date":"2020-09-10T06:37:02","date_gmt":"2020-09-10T09:37:02","guid":{"rendered":"https:\/\/www.caririemacao.com\/1\/?p=187575"},"modified":"2020-09-10T06:37:02","modified_gmt":"2020-09-10T09:37:02","slug":"papa-francisco-anuncia-o-lancamento-de-nova-enciclica","status":"publish","type":"post","link":"https:\/\/www.caririemacao.com\/1\/2020\/09\/10\/papa-francisco-anuncia-o-lancamento-de-nova-enciclica\/","title":{"rendered":"Papa Francisco anuncia o lan\u00e7amento de nova enc\u00edclica"},"content":{"rendered":"\n<h1 class=\"wp-block-heading\"><\/h1>\n\n\n\n<p>Dia 3 pr\u00f3ximo, v\u00e9spera do dia consagrado a S\u00e3o Francisco de Assis \u2013 o mais amado santo cat\u00f3lico \u2013, o papa Francisco lan\u00e7ar\u00e1 mais uma enc\u00edclica (documento do papa sobre determinado tema).<\/p>\n\n\n\n<p>J\u00e1 tem nome: \u201cFratelli Tutti\u201d (Todos Irm\u00e3os), com o subt\u00edtulo \u201cSobre a fraternidade e a amizade social\u201d.<\/p>\n\n\n\n<p>Francisco ir\u00e1 \u00e0 cidade de Assis (onde fica a Bas\u00edlica de S\u00e3o Francisco) para celebrar uma missa e, ao final, assinar a enc\u00edclica no t\u00famulo do santo que lhe empresta o nome como papa.&nbsp;<\/p>\n\n\n\n<p>O documento est\u00e1 dividido em tr\u00eas focos b\u00e1sicos: a fraternidade humana universal, a solidariedade necess\u00e1ria ap\u00f3s a pandemia e o di\u00e1logo inter-religioso.&nbsp;&nbsp;<\/p>\n\n\n\n<p>Nas recentes audi\u00eancias p\u00fablicas em Roma, o papa j\u00e1 vinha fazendo inclina\u00e7\u00f5es sobre o assunto: \u201cDevemos cuidar uns dos outros (\u2026) A pandemia evidenciou como todos somos vulner\u00e1veis e estamos interconectados\u201d.<\/p>\n\n\n\n<p>\u201cA pandemia \u00e9 uma crise, e n\u00e3o sa\u00edmos iguais de uma crise: ou sa\u00edmos melhores ou sa\u00edmos piores\u201d.<\/p>\n","protected":false},"excerpt":{"rendered":"<p>Dia 3 pr\u00f3ximo, v\u00e9spera do dia consagrado a S\u00e3o Francisco de Assis \u2013 o mais amado santo cat\u00f3lico \u2013, o papa Francisco lan\u00e7ar\u00e1 mais uma&hellip; <\/p>\n","protected":false},"author":2,"featured_media":187576,"comment_status":"closed","ping_status":"closed","sticky":false,"template":"","format":"standard","meta":{"sfsi_plus_gutenberg_text_before_share":"","sfsi_plus_gutenberg_show_text_before_share":"","sfsi_plus_gutenberg_icon_type":"","sfsi_plus_gutenberg_icon_alignemt":"","sfsi_plus_gutenburg_max_per_row":"","footnotes":""},"categories":[50,2],"tags":[],"class_list":["post-187575","post","type-post","status-publish","format-standard","has-post-thumbnail","hentry","category-destaque","category-geral"],"_links":{"self":[{"href":"https:\/\/www.caririemacao.com\/1\/wp-json\/wp\/v2\/posts\/187575","targetHints":{"allow":["GET"]}}],"collection":[{"href":"https:\/\/www.caririemacao.com\/1\/wp-json\/wp\/v2\/posts"}],"about":[{"href":"https:\/\/www.caririemacao.com\/1\/wp-json\/wp\/v2\/types\/post"}],"author":[{"embeddable":true,"href":"https:\/\/www.caririemacao.com\/1\/wp-json\/wp\/v2\/users\/2"}],"replies":[{"embeddable":true,"href":"https:\/\/www.caririemacao.com\/1\/wp-json\/wp\/v2\/comments?post=187575"}],"version-history":[{"count":1,"href":"https:\/\/www.caririemacao.com\/1\/wp-json\/wp\/v2\/posts\/187575\/revisions"}],"predecessor-version":[{"id":187577,"href":"https:\/\/www.caririemacao.com\/1\/wp-json\/wp\/v2\/posts\/187575\/revisions\/187577"}],"wp:featuredmedia":[{"embeddable":true,"href":"https:\/\/www.caririemacao.com\/1\/wp-json\/wp\/v2\/media\/187576"}],"wp:attachment":[{"href":"https:\/\/www.caririemacao.com\/1\/wp-json\/wp\/v2\/media?parent=187575"}],"wp:term":[{"taxonomy":"category","embeddable":true,"href":"https:\/\/www.caririemacao.com\/1\/wp-json\/wp\/v2\/categories?post=187575"},{"taxonomy":"post_tag","embeddable":true,"href":"https:\/\/www.caririemacao.com\/1\/wp-json\/wp\/v2\/tags?post=187575"}],"curies":[{"name":"wp","href":"https:\/\/api.w.org\/{rel}","templated":true}]}}