{"id":187582,"date":"2020-09-10T06:42:57","date_gmt":"2020-09-10T09:42:57","guid":{"rendered":"https:\/\/www.caririemacao.com\/1\/?p=187582"},"modified":"2020-09-10T06:42:58","modified_gmt":"2020-09-10T09:42:58","slug":"isea-faz-apelo-para-a-arrecadacao-de-recipientes-para-a-coleta-de-leite-materno","status":"publish","type":"post","link":"https:\/\/www.caririemacao.com\/1\/2020\/09\/10\/isea-faz-apelo-para-a-arrecadacao-de-recipientes-para-a-coleta-de-leite-materno\/","title":{"rendered":"ISEA faz apelo para a arrecada\u00e7\u00e3o de recipientes para a coleta de leite materno"},"content":{"rendered":"\n<h1 class=\"wp-block-heading\"><\/h1>\n\n\n\n<p>Com a Semana Nacional da Vida e o Dia do Nascituro se aproximando, a D<a href=\"https:\/\/paraibaonline.com.br\/2020\/09\/diocese-de-campina-grande-lanca-campanha-pela-vida\/\">iocese de Campina Grande lan\u00e7ou a Campanha pela Vida,<\/a>&nbsp;que consiste na doa\u00e7\u00e3o de fraldas para rec\u00e9m-nascidos, doa\u00e7\u00e3o de potes de vidro com tampas pl\u00e1sticas, que ser\u00e3o destinados ao banco de leite do Instituto Elp\u00eddio de Almeida (ISEA), e a conscientiza\u00e7\u00e3o das mulheres na import\u00e2ncia da doa\u00e7\u00e3o do leite materno.<\/p>\n\n\n\n<p>Em entrevista \u00e0 R\u00e1dio Campina FM, a assistente social do Isea, Luciene do Nascimento, elogiou a campanha realizada pela Diocese e destacou a necessidade da doa\u00e7\u00e3o de recipientes e potes de vidro para a coleta do leite materno, al\u00e9m de informar que o n\u00famero de doadoras que fornecem leite diminuiu bastante em compara\u00e7\u00e3o a 2019.<\/p>\n\n\n\n<p>Ela informou que o banco de leite abastece todos os hospitais de UTI neonatal de Campina Grande, e por isso destacou a necessidade da doa\u00e7\u00e3o de recipientes e potes de vidro para a coleta do leite materno. Ela ressaltou que os recipientes precisam ser de vidro, com a boca larga e tampa pl\u00e1stica.<\/p>\n\n\n\n<p>\u201cN\u00e3o pode ser com tampa de ferro pois oxida e contamina o leite no processo de pasteuriza\u00e7\u00e3o\u201d, disse.<\/p>\n\n\n\n<p>Luciene fez um apelo tamb\u00e9m para que as pessoas que tiverem esse tipo de pote ou que possam comprar, doem os recipientes para o Instituto.<\/p>\n\n\n\n<p>\u201cLembrando tamb\u00e9m que o banco de leite do ISEA \u00e9 o \u00fanico que existe aqui em Campina Grande, portanto a demanda \u00e9 grande\u201d, destacou.<\/p>\n\n\n\n<p>Al\u00e9m disso, a assistente social explicou que em compara\u00e7\u00e3o ao ano de 2019, a taxa de doadoras que o ISEA tinha, diminuiu em 40% e, em contrapartida, a demanda de beb\u00eas na UTI segue crescente.<\/p>\n\n\n\n<p>\u201cH\u00e1 uma necessidade constante de renova\u00e7\u00e3o das m\u00e3es, pois \u00e9 natural que aquelas doadoras com o tempo torne o leite exclusivo para o seu beb\u00ea. Isso acontece naturalmente\u201d<\/p>\n\n\n\n<p>Por fim, ela explicou que as mulheres que quiserem se tornar doadoras de leite materno, podem realizar o cadastro por telefone, atrav\u00e9s do n\u00famero 3310-6185. Durante a liga\u00e7\u00e3o, elas s\u00e3o orientadas a respeito de como ordenhar e conservar o leite.<\/p>\n","protected":false},"excerpt":{"rendered":"<p>Com a Semana Nacional da Vida e o Dia do Nascituro se aproximando, a Diocese de Campina Grande lan\u00e7ou a Campanha pela Vida,&nbsp;que consiste na&hellip; <\/p>\n","protected":false},"author":2,"featured_media":187583,"comment_status":"closed","ping_status":"closed","sticky":false,"template":"","format":"standard","meta":{"sfsi_plus_gutenberg_text_before_share":"","sfsi_plus_gutenberg_show_text_before_share":"","sfsi_plus_gutenberg_icon_type":"","sfsi_plus_gutenberg_icon_alignemt":"","sfsi_plus_gutenburg_max_per_row":"","footnotes":""},"categories":[50,2],"tags":[],"class_list":["post-187582","post","type-post","status-publish","format-standard","has-post-thumbnail","hentry","category-destaque","category-geral"],"_links":{"self":[{"href":"https:\/\/www.caririemacao.com\/1\/wp-json\/wp\/v2\/posts\/187582","targetHints":{"allow":["GET"]}}],"collection":[{"href":"https:\/\/www.caririemacao.com\/1\/wp-json\/wp\/v2\/posts"}],"about":[{"href":"https:\/\/www.caririemacao.com\/1\/wp-json\/wp\/v2\/types\/post"}],"author":[{"embeddable":true,"href":"https:\/\/www.caririemacao.com\/1\/wp-json\/wp\/v2\/users\/2"}],"replies":[{"embeddable":true,"href":"https:\/\/www.caririemacao.com\/1\/wp-json\/wp\/v2\/comments?post=187582"}],"version-history":[{"count":1,"href":"https:\/\/www.caririemacao.com\/1\/wp-json\/wp\/v2\/posts\/187582\/revisions"}],"predecessor-version":[{"id":187584,"href":"https:\/\/www.caririemacao.com\/1\/wp-json\/wp\/v2\/posts\/187582\/revisions\/187584"}],"wp:featuredmedia":[{"embeddable":true,"href":"https:\/\/www.caririemacao.com\/1\/wp-json\/wp\/v2\/media\/187583"}],"wp:attachment":[{"href":"https:\/\/www.caririemacao.com\/1\/wp-json\/wp\/v2\/media?parent=187582"}],"wp:term":[{"taxonomy":"category","embeddable":true,"href":"https:\/\/www.caririemacao.com\/1\/wp-json\/wp\/v2\/categories?post=187582"},{"taxonomy":"post_tag","embeddable":true,"href":"https:\/\/www.caririemacao.com\/1\/wp-json\/wp\/v2\/tags?post=187582"}],"curies":[{"name":"wp","href":"https:\/\/api.w.org\/{rel}","templated":true}]}}