{"id":187586,"date":"2020-09-10T06:45:05","date_gmt":"2020-09-10T09:45:05","guid":{"rendered":"https:\/\/www.caririemacao.com\/1\/?p=187586"},"modified":"2020-09-10T06:45:05","modified_gmt":"2020-09-10T09:45:05","slug":"cadastraram-na-paraiba-para-receber-auxilio-emergencial-destinado-a-area-cultural","status":"publish","type":"post","link":"https:\/\/www.caririemacao.com\/1\/2020\/09\/10\/cadastraram-na-paraiba-para-receber-auxilio-emergencial-destinado-a-area-cultural\/","title":{"rendered":"cadastraram na Para\u00edba para receber aux\u00edlio emergencial destinado \u00e0 \u00e1rea cultural"},"content":{"rendered":"\n<h1 class=\"wp-block-heading\"><\/h1>\n\n\n\n<p>Tr\u00eas mil pessoas na Para\u00edba j\u00e1 se cadastraram na plataforma para solicitarem o benef\u00edcio ao aux\u00edlio emergencial destinado aos&nbsp;trabalhadores da \u00e1rea cultural. Ao todo ser\u00e3o investidos R$ 36,5 milh\u00f5es, em 120 dias, conforme prev\u00ea a&nbsp;Lei Aldir Blanc. O sistema fica aberto at\u00e9 o pr\u00f3ximo dia 30 de setembro. No entanto, os interessados devem ficar atentos aos crit\u00e9rios pr\u00e9-estabelecidos. A Para\u00edba foi o quarto Estado a ter sua estrat\u00e9gia de a\u00e7\u00e3o autorizada e a previs\u00e3o para a chegada do primeiro lote de recursos \u00e9 o dia 11 de setembro.<\/p>\n\n\n\n<p>De acordo com o coordenador da Lei Aldir Blanc na Para\u00edba, Pedro Santos, a verba ser\u00e1 utilizada em duas estrat\u00e9gias: a primeira metade vai para uma renda mensal de tr\u00eas meses de R$ 600 &#8211; semelhante ao aux\u00edlio da Caixa Econ\u00f4mica Federal &#8211; e a outra parte, R$ 18 milh\u00f5es, ser\u00e1 por meio de editais e chamamentos p\u00fablicos, um total de 14 editais. A expectativa \u00e9 beneficiar pelo menos 10 mil pessoas.&nbsp;<\/p>\n\n\n\n<p>&#8220;No inciso 3 a gente est\u00e1 concluindo as minutas dos editais. Ser\u00e3o 14 editais lan\u00e7ados e esses editais v\u00e3o ter uma capacidade de abranger toda diversidade de cultura paraibana &#8211; teatro, dan\u00e7a, circo, m\u00fasica, cultura popular, hip hop, repper, artes visuais, fotografia &#8211; enfim, um diversidade bem interessante e para isso a gente coloca o valor excedente, R$ 18.164.540,30&#8221;, explicou Pedro santos,&nbsp;em entrevista ao portal ClickPB, destacando que haver\u00e1 est\u00edmulo de retomada as atividades culturais.<\/p>\n\n\n\n<p>O dinheiro ainda n\u00e3o foi colocado e conta. Para evitar fraudes, os inscritos ter\u00e3o que preencher uma declara\u00e7\u00e3o sobre a atividade art\u00edstica que exercem. Al\u00e9m disso, o coordenador informou que os inscritos passar\u00e3o por um processo de triagem tendo alguns crit\u00e9rios como&nbsp;n\u00e3o ter emprego formal, n\u00e3o ter sido beneficiado pelo aux\u00edlio Caixa Econ\u00f4mica, por exeemplo.&nbsp;A&nbsp;Lei Aldir Blanc foi regulamentada pelo Governo Federal por meio do Decreto 10.464, publicado no Di\u00e1rio Oficial da Uni\u00e3o (DOU).&nbsp;Para solicitar basta entrar no link&nbsp;<a href=\"http:\/\/www.cadastrocultural.pb.gov.br\/\">www.cadastrocultural.pb.gov.br<\/a>.<\/p>\n","protected":false},"excerpt":{"rendered":"<p>Tr\u00eas mil pessoas na Para\u00edba j\u00e1 se cadastraram na plataforma para solicitarem o benef\u00edcio ao aux\u00edlio emergencial destinado aos&nbsp;trabalhadores da \u00e1rea cultural. Ao todo ser\u00e3o&hellip; <\/p>\n","protected":false},"author":2,"featured_media":187587,"comment_status":"closed","ping_status":"closed","sticky":false,"template":"","format":"standard","meta":{"sfsi_plus_gutenberg_text_before_share":"","sfsi_plus_gutenberg_show_text_before_share":"","sfsi_plus_gutenberg_icon_type":"","sfsi_plus_gutenberg_icon_alignemt":"","sfsi_plus_gutenburg_max_per_row":"","footnotes":""},"categories":[50,2],"tags":[],"class_list":["post-187586","post","type-post","status-publish","format-standard","has-post-thumbnail","hentry","category-destaque","category-geral"],"_links":{"self":[{"href":"https:\/\/www.caririemacao.com\/1\/wp-json\/wp\/v2\/posts\/187586","targetHints":{"allow":["GET"]}}],"collection":[{"href":"https:\/\/www.caririemacao.com\/1\/wp-json\/wp\/v2\/posts"}],"about":[{"href":"https:\/\/www.caririemacao.com\/1\/wp-json\/wp\/v2\/types\/post"}],"author":[{"embeddable":true,"href":"https:\/\/www.caririemacao.com\/1\/wp-json\/wp\/v2\/users\/2"}],"replies":[{"embeddable":true,"href":"https:\/\/www.caririemacao.com\/1\/wp-json\/wp\/v2\/comments?post=187586"}],"version-history":[{"count":1,"href":"https:\/\/www.caririemacao.com\/1\/wp-json\/wp\/v2\/posts\/187586\/revisions"}],"predecessor-version":[{"id":187588,"href":"https:\/\/www.caririemacao.com\/1\/wp-json\/wp\/v2\/posts\/187586\/revisions\/187588"}],"wp:featuredmedia":[{"embeddable":true,"href":"https:\/\/www.caririemacao.com\/1\/wp-json\/wp\/v2\/media\/187587"}],"wp:attachment":[{"href":"https:\/\/www.caririemacao.com\/1\/wp-json\/wp\/v2\/media?parent=187586"}],"wp:term":[{"taxonomy":"category","embeddable":true,"href":"https:\/\/www.caririemacao.com\/1\/wp-json\/wp\/v2\/categories?post=187586"},{"taxonomy":"post_tag","embeddable":true,"href":"https:\/\/www.caririemacao.com\/1\/wp-json\/wp\/v2\/tags?post=187586"}],"curies":[{"name":"wp","href":"https:\/\/api.w.org\/{rel}","templated":true}]}}