{"id":187590,"date":"2020-09-10T06:47:01","date_gmt":"2020-09-10T09:47:01","guid":{"rendered":"https:\/\/www.caririemacao.com\/1\/?p=187590"},"modified":"2020-09-10T06:47:01","modified_gmt":"2020-09-10T09:47:01","slug":"operacao-calvario-gilmar-mendes-mantem-afastamento-de-arthur-cunha-lima-do-tce-pb","status":"publish","type":"post","link":"https:\/\/www.caririemacao.com\/1\/2020\/09\/10\/operacao-calvario-gilmar-mendes-mantem-afastamento-de-arthur-cunha-lima-do-tce-pb\/","title":{"rendered":"Opera\u00e7\u00e3o Calv\u00e1rio: Gilmar Mendes mant\u00e9m afastamento de Arthur Cunha Lima do TCE-PB"},"content":{"rendered":"\n<h1 class=\"wp-block-heading\"><\/h1>\n\n\n\n<p>O ministro do Supremo Tribunal Federal (STF), Gilmar Mendes, manteve o afastamento do conselheiro do Tribunal de Contas do Estado da Para\u00edba (TCE-PB),&nbsp;Arthur Cunha Lima, que est\u00e1&nbsp;afastado ap\u00f3s ser alvo da Opera\u00e7\u00e3o Calv\u00e1rio, deflagrada em 17 de dezembro de 2019. Apesar do apelo do conselheiro, essa n\u00e3o \u00e9 a primeira vez que Mendes nega o pedido de retorno de Arthur&nbsp;\u00e0s suas fun\u00e7\u00f5es.<\/p>\n\n\n\n<p>No dia 20 de agosto deste ano, a&nbsp;Corte Especial do Superior Tribunal de Justi\u00e7a (STJ) manteve por unanimidade o afastamento por mais 120 dias tanto de&nbsp;Arthur Cunha Lima quanto de&nbsp;Ant\u00f4nio Nominando Diniz Filho. Eles est\u00e3o afastados desde dezembro a pedido do&nbsp;ministro Francisco Falc\u00e3o, relator do caso no STJ. Isso totaliza 240 dias em exerc\u00edcio de suas fun\u00e7\u00f5es. Essa&nbsp;decis\u00e3o acolheu o pedido do Minist\u00e9rio P\u00fablico Federal (MPF).&nbsp;<\/p>\n\n\n\n<p>Em fevereiro de 2020, por unanimidade, a Corte Especial do Superior Tribunal de Justi\u00e7a tamb\u00e9m manteve o afastamento dos conselheiros.&nbsp;A&nbsp;Opera\u00e7\u00e3o Calv\u00e1rio investiga esquema criminoso que desviou recursos p\u00fablicos destinados \u00e0 \u00e1rea de sa\u00fade do estado. As investiga\u00e7\u00f5es derivam de acordos de colabora\u00e7\u00e3o premiada celebrados entre Daniel Gomes da Silva e Michelle Louzada Cardoso e a PGR, homologados no STJ.<\/p>\n","protected":false},"excerpt":{"rendered":"<p>O ministro do Supremo Tribunal Federal (STF), Gilmar Mendes, manteve o afastamento do conselheiro do Tribunal de Contas do Estado da Para\u00edba (TCE-PB),&nbsp;Arthur Cunha Lima,&hellip; <\/p>\n","protected":false},"author":2,"featured_media":187591,"comment_status":"closed","ping_status":"closed","sticky":false,"template":"","format":"standard","meta":{"sfsi_plus_gutenberg_text_before_share":"","sfsi_plus_gutenberg_show_text_before_share":"","sfsi_plus_gutenberg_icon_type":"","sfsi_plus_gutenberg_icon_alignemt":"","sfsi_plus_gutenburg_max_per_row":"","footnotes":""},"categories":[50,2],"tags":[],"class_list":["post-187590","post","type-post","status-publish","format-standard","has-post-thumbnail","hentry","category-destaque","category-geral"],"_links":{"self":[{"href":"https:\/\/www.caririemacao.com\/1\/wp-json\/wp\/v2\/posts\/187590","targetHints":{"allow":["GET"]}}],"collection":[{"href":"https:\/\/www.caririemacao.com\/1\/wp-json\/wp\/v2\/posts"}],"about":[{"href":"https:\/\/www.caririemacao.com\/1\/wp-json\/wp\/v2\/types\/post"}],"author":[{"embeddable":true,"href":"https:\/\/www.caririemacao.com\/1\/wp-json\/wp\/v2\/users\/2"}],"replies":[{"embeddable":true,"href":"https:\/\/www.caririemacao.com\/1\/wp-json\/wp\/v2\/comments?post=187590"}],"version-history":[{"count":1,"href":"https:\/\/www.caririemacao.com\/1\/wp-json\/wp\/v2\/posts\/187590\/revisions"}],"predecessor-version":[{"id":187592,"href":"https:\/\/www.caririemacao.com\/1\/wp-json\/wp\/v2\/posts\/187590\/revisions\/187592"}],"wp:featuredmedia":[{"embeddable":true,"href":"https:\/\/www.caririemacao.com\/1\/wp-json\/wp\/v2\/media\/187591"}],"wp:attachment":[{"href":"https:\/\/www.caririemacao.com\/1\/wp-json\/wp\/v2\/media?parent=187590"}],"wp:term":[{"taxonomy":"category","embeddable":true,"href":"https:\/\/www.caririemacao.com\/1\/wp-json\/wp\/v2\/categories?post=187590"},{"taxonomy":"post_tag","embeddable":true,"href":"https:\/\/www.caririemacao.com\/1\/wp-json\/wp\/v2\/tags?post=187590"}],"curies":[{"name":"wp","href":"https:\/\/api.w.org\/{rel}","templated":true}]}}