{"id":187594,"date":"2020-09-10T06:49:06","date_gmt":"2020-09-10T09:49:06","guid":{"rendered":"https:\/\/www.caririemacao.com\/1\/?p=187594"},"modified":"2020-09-10T06:49:06","modified_gmt":"2020-09-10T09:49:06","slug":"setembro-verde-crescem-numeros-de-transplantes-na-paraiba","status":"publish","type":"post","link":"https:\/\/www.caririemacao.com\/1\/2020\/09\/10\/setembro-verde-crescem-numeros-de-transplantes-na-paraiba\/","title":{"rendered":"Setembro Verde: Crescem n\u00fameros de transplantes na Para\u00edba"},"content":{"rendered":"\n<h1 class=\"wp-block-heading\"><\/h1>\n\n\n\n<p>O Setembro Verde \u00e9 uma campanha nacional que tem como objetivo refor\u00e7ar a import\u00e2ncia da doa\u00e7\u00e3o e do transplante de \u00f3rg\u00e3os. O m\u00eas alusivo ao tema prop\u00f5e a sensibiliza\u00e7\u00e3o da popula\u00e7\u00e3o e dos familiares, uma vez que no Brasil a decis\u00e3o final sobre a doa\u00e7\u00e3o de \u00f3rg\u00e3os \u00e9 dos familiares. H\u00e1 um ano, a Para\u00edba tem crescido em n\u00fameros de capta\u00e7\u00e3o de \u00f3rg\u00e3os e de transplantes. S\u00f3 em 2020, foram realizadas 15 capta\u00e7\u00f5es em doadores de m\u00faltiplos \u00f3rg\u00e3os e 29 transplantes de \u00f3rg\u00e3os, incluindo medula. Os procedimentos superam a m\u00e9dia de 2019, quando a capta\u00e7\u00e3o foi de menos de um \u00f3rg\u00e3o doado por m\u00eas.<\/p>\n\n\n\n<p>De acordo com o secret\u00e1rio de Sa\u00fade da Para\u00edba, Geraldo Medeiros, o estado dobrou a quantidade de capta\u00e7\u00f5es realizadas em um ano, por\u00e9m \u00e9 necess\u00e1rio continuar conscientizando tanto a sociedade quanto os profissionais de sa\u00fade para que vidas continuem sendo salvas.&nbsp;<\/p>\n\n\n\n<p>\u201cQuando assumimos a secretaria nos deparamos com um cen\u00e1rio em que o estado apresentava um desempenho p\u00edfio nos n\u00fameros de transplante, o menor percentual do Brasil, e agora, um ano ap\u00f3s a mudan\u00e7a nas coordena\u00e7\u00f5es e com a implementa\u00e7\u00e3o de pr\u00e1ticas de gest\u00e3o, houve um aumento de 500% no n\u00famero de transplante de f\u00edgado, um aumento substancial nos transplantes de rim e 2 transplantes de cora\u00e7\u00e3o, ap\u00f3s 10 anos sem esta realiza\u00e7\u00e3o\u201d, ressaltou o secret\u00e1rio.<\/p>\n\n\n\n<p>Ele explica ainda que todo este crescimento ocorreu sem um custo adicional para os investimentos na Central de Transplante, apenas com a otimiza\u00e7\u00e3o dos recursos. \u201cS\u00e3o mais de 40 servidores em Jo\u00e3o Pessoa e 28 na Central de Transplantes de Campina Grande comprometidos com um novo direcionamento em rela\u00e7\u00e3o \u00e0 capta\u00e7\u00e3o e \u00e0 conscientiza\u00e7\u00e3o da fam\u00edlia paraibana sobre a doa\u00e7\u00e3o de \u00f3rg\u00e3os e salvar vidas\u201d, comentou.<\/p>\n\n\n\n<p>Em 2019 foram realizadas 22 capta\u00e7\u00f5es em doadores de m\u00faltiplos \u00f3rg\u00e3os e 66 transplantes de \u00f3rg\u00e3os, incluindo medula. Com as doa\u00e7\u00f5es, 45 pacientes deixaram a fila de transplantes na Para\u00edba e mais 19 em outros estados. A m\u00e9dia de doa\u00e7\u00f5es de janeiro a agosto do ano passado foi de 0,8 \u00f3rg\u00e3os por m\u00eas. J\u00e1 em 2020, embora os meses de mar\u00e7o, abril e maio n\u00e3o tenha entrado para a estat\u00edstica em virtude da pandemia da Covid-19, a Para\u00edba atingiu a m\u00e9dia de 3 \u00f3rg\u00e3os por m\u00eas no mesmo per\u00edodo.<\/p>\n\n\n\n<p>Ainda este ano, foram 23 pacientes transplantados na Para\u00edba e 21 \u00f3rg\u00e3os para outros estados, provenientes de pacientes doadores com morte encef\u00e1lica. Para a diretora da Central de Transplante da Para\u00edba, Rafaela Carvalho, quando a fam\u00edlia diz sim ao transplante, a vida pode continuar; e dizer \u201csim\u201d ap\u00f3s a perda de um ente querido pode ser doloroso, mas tamb\u00e9m pode mudar a vida de algu\u00e9m que espera por um transplante.<\/p>\n\n\n\n<p>\u201cMuitas vezes, nossa equipe tem a miss\u00e3o de abordar as fam\u00edlias em um momento de sofrimento, diante da perda de um ente querido. Para ser um potencial doador de \u00f3rg\u00e3os n\u00e3o \u00e9 necess\u00e1rio deixar algo por escrito, \u00e9 simples: basta avisar aos familiares. Ressaltamos que, mesmo com as dificuldades do per\u00edodo de pandemia, continuamos persistindo na busca de melhora de vida para as pessoas que necessitam de um transplante\u201d, declarou a diretora.<\/p>\n\n\n\n<p>Um outro marco deste ano \u00e9 que a Para\u00edba recebeu autoriza\u00e7\u00e3o do Minist\u00e9rio da Sa\u00fade para realizar transplante de cora\u00e7\u00e3o adulto e pedi\u00e1trico no Hospital Metropolitano Dom Jos\u00e9 Maria Pires, em Santa Rita. A unidade ser\u00e1 o primeiro hospital p\u00fablico autorizado a realizar este tipo de procedimento no Nordeste, por\u00e9m os procedimentos s\u00f3 dever\u00e3o ser iniciados ap\u00f3s cessada a pandemia do coronav\u00edrus para preservar a sa\u00fade dos pacientes.<\/p>\n\n\n\n<p><strong>Setembro Verde<\/strong>&nbsp;\u2013 Conscientizar a popula\u00e7\u00e3o sobre a doa\u00e7\u00e3o de \u00f3rg\u00e3os \u00e9 fundamental para aumentar o n\u00famero de doadores e promover a recupera\u00e7\u00e3o da sa\u00fade para as pessoas que est\u00e3o aguardando esse gesto de solidariedade. A campanha Setembro Verde tem um papel decisivo para trazer o tema para discuss\u00e3o e fornecer informa\u00e7\u00f5es adequadas para a popula\u00e7\u00e3o.<\/p>\n\n\n\n<p><strong>Dados da Para\u00edba<\/strong>&nbsp;\u2013 Atualmente, 642 pacientes est\u00e3o na fila de espera no Estado: 438 aguardando um transplante de c\u00f3rnea, seis de f\u00edgado, 197 de rim e um de cora\u00e7\u00e3o.<\/p>\n\n\n\n<p><strong>Como doar<\/strong>&nbsp;\u2013 O doador deve ter entre dois e 80 anos de idade e n\u00e3o pode apresentar doen\u00e7a comprometedora do \u00f3rg\u00e3o ou tecido. Ap\u00f3s o \u00f3bito, a fam\u00edlia do doador informa ao hospital o seu desejo de doar ou entrar em contato com a Central de Transplante. V\u00e1rios \u00f3rg\u00e3os podem ser doados: cartilagem, cora\u00e7\u00e3o, c\u00f3rnea, f\u00edgado, intestino, medula \u00f3ssea, ossos, p\u00e2ncreas, pele, pulm\u00e3o, rim e v\u00e1lvula.<\/p>\n","protected":false},"excerpt":{"rendered":"<p>O Setembro Verde \u00e9 uma campanha nacional que tem como objetivo refor\u00e7ar a import\u00e2ncia da doa\u00e7\u00e3o e do transplante de \u00f3rg\u00e3os. O m\u00eas alusivo ao&hellip; <\/p>\n","protected":false},"author":2,"featured_media":187595,"comment_status":"closed","ping_status":"closed","sticky":false,"template":"","format":"standard","meta":{"sfsi_plus_gutenberg_text_before_share":"","sfsi_plus_gutenberg_show_text_before_share":"","sfsi_plus_gutenberg_icon_type":"","sfsi_plus_gutenberg_icon_alignemt":"","sfsi_plus_gutenburg_max_per_row":"","footnotes":""},"categories":[50,16],"tags":[],"class_list":["post-187594","post","type-post","status-publish","format-standard","has-post-thumbnail","hentry","category-destaque","category-saude"],"_links":{"self":[{"href":"https:\/\/www.caririemacao.com\/1\/wp-json\/wp\/v2\/posts\/187594","targetHints":{"allow":["GET"]}}],"collection":[{"href":"https:\/\/www.caririemacao.com\/1\/wp-json\/wp\/v2\/posts"}],"about":[{"href":"https:\/\/www.caririemacao.com\/1\/wp-json\/wp\/v2\/types\/post"}],"author":[{"embeddable":true,"href":"https:\/\/www.caririemacao.com\/1\/wp-json\/wp\/v2\/users\/2"}],"replies":[{"embeddable":true,"href":"https:\/\/www.caririemacao.com\/1\/wp-json\/wp\/v2\/comments?post=187594"}],"version-history":[{"count":1,"href":"https:\/\/www.caririemacao.com\/1\/wp-json\/wp\/v2\/posts\/187594\/revisions"}],"predecessor-version":[{"id":187596,"href":"https:\/\/www.caririemacao.com\/1\/wp-json\/wp\/v2\/posts\/187594\/revisions\/187596"}],"wp:featuredmedia":[{"embeddable":true,"href":"https:\/\/www.caririemacao.com\/1\/wp-json\/wp\/v2\/media\/187595"}],"wp:attachment":[{"href":"https:\/\/www.caririemacao.com\/1\/wp-json\/wp\/v2\/media?parent=187594"}],"wp:term":[{"taxonomy":"category","embeddable":true,"href":"https:\/\/www.caririemacao.com\/1\/wp-json\/wp\/v2\/categories?post=187594"},{"taxonomy":"post_tag","embeddable":true,"href":"https:\/\/www.caririemacao.com\/1\/wp-json\/wp\/v2\/tags?post=187594"}],"curies":[{"name":"wp","href":"https:\/\/api.w.org\/{rel}","templated":true}]}}