{"id":187598,"date":"2020-09-10T06:53:46","date_gmt":"2020-09-10T09:53:46","guid":{"rendered":"https:\/\/www.caririemacao.com\/1\/?p=187598"},"modified":"2020-09-10T06:53:46","modified_gmt":"2020-09-10T09:53:46","slug":"governo-zera-imposto-de-importacao-do-arroz-ate-o-final-do-ano","status":"publish","type":"post","link":"https:\/\/www.caririemacao.com\/1\/2020\/09\/10\/governo-zera-imposto-de-importacao-do-arroz-ate-o-final-do-ano\/","title":{"rendered":"Governo zera imposto de importa\u00e7\u00e3o do arroz at\u00e9 o final do ano"},"content":{"rendered":"\n<h1 class=\"wp-block-heading\"><\/h1>\n\n\n\n<p>A C\u00e2mara de Com\u00e9rcio Exterior (Camex), vinculada ao Minist\u00e9rio da Economia, decidiu nesta quarta-feira (9) zerar a al\u00edquota do imposto de importa\u00e7\u00e3o para o arroz em casca e beneficiado. A isen\u00e7\u00e3o tarif\u00e1ria valer\u00e1 at\u00e9 31 de dezembro deste ano.&nbsp;<\/p>\n\n\n\n<p>De acordo com a pasta, a redu\u00e7\u00e3o tempor\u00e1ria est\u00e1 restrita \u00e0 cota de 400 mil toneladas, incidente arroz com casca n\u00e3o parboilizado e arroz semibranqueado ou branqueado, n\u00e3o parboilizado, de acordo com a Nomenclatura Comum do Mercosul (NCM). At\u00e9 ent\u00e3o, a Tarifa Externa Comum (TEC) incidente sobre o produto era de 12%, para o arroz beneficiado, e 10% para o arroz em casca.&nbsp;<\/p>\n\n\n\n<p>A decis\u00e3o foi tomada durante reuni\u00e3o do Comit\u00ea-Executivo de Gest\u00e3o da Camex, a partir de um pedido formulado pelo Minist\u00e9rio da Agricultura. O colegiado \u00e9 integrado pela Presid\u00eancia da Rep\u00fablica e pelos minist\u00e9rios da Economia, das Rela\u00e7\u00f5es Exteriores e da Agricultura, Pecu\u00e1ria e Abastecimento.<\/p>\n\n\n\n<p><strong>Alta nos pre\u00e7os<\/strong><\/p>\n\n\n\n<p>O objetivo da isen\u00e7\u00e3o tarif\u00e1ria tempor\u00e1ria \u00e9 conter o aumento expressivo no pre\u00e7o do arroz ao longo dos \u00faltimos meses. De acordo com o Centro de Estudos Avan\u00e7ados em Economia Aplicada da Universidade de S\u00e3o Paulo (Cepea\/USP), o pre\u00e7o do arroz variou mais de 107% nos \u00faltimos 12 meses, com o valor da saca de 50 kg pr\u00f3ximo de R$ 100. Os motivos para a alta s\u00e3o uma combina\u00e7\u00e3o da valoriza\u00e7\u00e3o do d\u00f3lar frente ao real, o aumento da exporta\u00e7\u00e3o e a queda na safra. Em alguns supermercados, o produto, que custava cerca de R$ 15, no pacote de 5 kg, est\u00e1 sendo vendido por at\u00e9 R$ 40.0<\/p>\n","protected":false},"excerpt":{"rendered":"<p>A C\u00e2mara de Com\u00e9rcio Exterior (Camex), vinculada ao Minist\u00e9rio da Economia, decidiu nesta quarta-feira (9) zerar a al\u00edquota do imposto de importa\u00e7\u00e3o para o arroz&hellip; <\/p>\n","protected":false},"author":2,"featured_media":187599,"comment_status":"closed","ping_status":"closed","sticky":false,"template":"","format":"standard","meta":{"sfsi_plus_gutenberg_text_before_share":"","sfsi_plus_gutenberg_show_text_before_share":"","sfsi_plus_gutenberg_icon_type":"","sfsi_plus_gutenberg_icon_alignemt":"","sfsi_plus_gutenburg_max_per_row":"","footnotes":""},"categories":[11],"tags":[],"class_list":["post-187598","post","type-post","status-publish","format-standard","has-post-thumbnail","hentry","category-politica"],"_links":{"self":[{"href":"https:\/\/www.caririemacao.com\/1\/wp-json\/wp\/v2\/posts\/187598","targetHints":{"allow":["GET"]}}],"collection":[{"href":"https:\/\/www.caririemacao.com\/1\/wp-json\/wp\/v2\/posts"}],"about":[{"href":"https:\/\/www.caririemacao.com\/1\/wp-json\/wp\/v2\/types\/post"}],"author":[{"embeddable":true,"href":"https:\/\/www.caririemacao.com\/1\/wp-json\/wp\/v2\/users\/2"}],"replies":[{"embeddable":true,"href":"https:\/\/www.caririemacao.com\/1\/wp-json\/wp\/v2\/comments?post=187598"}],"version-history":[{"count":1,"href":"https:\/\/www.caririemacao.com\/1\/wp-json\/wp\/v2\/posts\/187598\/revisions"}],"predecessor-version":[{"id":187600,"href":"https:\/\/www.caririemacao.com\/1\/wp-json\/wp\/v2\/posts\/187598\/revisions\/187600"}],"wp:featuredmedia":[{"embeddable":true,"href":"https:\/\/www.caririemacao.com\/1\/wp-json\/wp\/v2\/media\/187599"}],"wp:attachment":[{"href":"https:\/\/www.caririemacao.com\/1\/wp-json\/wp\/v2\/media?parent=187598"}],"wp:term":[{"taxonomy":"category","embeddable":true,"href":"https:\/\/www.caririemacao.com\/1\/wp-json\/wp\/v2\/categories?post=187598"},{"taxonomy":"post_tag","embeddable":true,"href":"https:\/\/www.caririemacao.com\/1\/wp-json\/wp\/v2\/tags?post=187598"}],"curies":[{"name":"wp","href":"https:\/\/api.w.org\/{rel}","templated":true}]}}