{"id":187602,"date":"2020-09-10T06:55:53","date_gmt":"2020-09-10T09:55:53","guid":{"rendered":"https:\/\/www.caririemacao.com\/1\/?p=187602"},"modified":"2020-09-10T06:55:53","modified_gmt":"2020-09-10T09:55:53","slug":"flordelis-e-notificada-em-processo-por-quebra-de-decoro-e-comeca-a-contar-prazo-para-defesa","status":"publish","type":"post","link":"https:\/\/www.caririemacao.com\/1\/2020\/09\/10\/flordelis-e-notificada-em-processo-por-quebra-de-decoro-e-comeca-a-contar-prazo-para-defesa\/","title":{"rendered":"Flordelis \u00e9 notificada em processo por quebra de decoro e come\u00e7a a contar prazo para defesa"},"content":{"rendered":"\n<h1 class=\"wp-block-heading\"><\/h1>\n\n\n\n<p>A deputada Flordelis (PSD-RJ) foi notificada nesta quarta-feira (9) pelo corregedor da C\u00e2mara, deputado Paulo Bengtson (PTB-PA), sobre o pedido de representa\u00e7\u00e3o feito contra ela pelo deputado L\u00e9o Motta (PSL-MG).<\/p>\n\n\n\n<p>Ela \u00e9 acusada pelo Minist\u00e9rio P\u00fablico do Rio de Janeiro de ser a mandante do assassinato do marido, o pastor Anderson do Carmo, em junho de 2019, em Niter\u00f3i. A parlamentar diz que \u00e9 inocente.<\/p>\n\n\n\n<p>Agora a deputada tem cinco dias \u00fateis de prazo para apresentar sua defesa por escrito. Depois disso, o corregedor tem at\u00e9 45 dias para apresentar o parecer. \u201cFizemos aqui uma for\u00e7a tarefa, o pessoal se debru\u00e7ou na acusa\u00e7\u00e3o, ent\u00e3o j\u00e1 est\u00e1 bem adiantado. Eu creio que no m\u00e1ximo em 10 ou 15 dias no mais tardar a gente j\u00e1 tem o nosso parecer pronto\u201d, adiantou Bengtson.<\/p>\n\n\n\n<p>Pelas regras da C\u00e2mara, a Corregedoria faz a an\u00e1lise pr\u00e9via da acusa\u00e7\u00e3o, e a Mesa, se julgar procedente, remete o caso para o Conselho de \u00c9tica para abertura de processo contra a deputada.<\/p>\n","protected":false},"excerpt":{"rendered":"<p>A deputada Flordelis (PSD-RJ) foi notificada nesta quarta-feira (9) pelo corregedor da C\u00e2mara, deputado Paulo Bengtson (PTB-PA), sobre o pedido de representa\u00e7\u00e3o feito contra ela&hellip; <\/p>\n","protected":false},"author":2,"featured_media":187603,"comment_status":"closed","ping_status":"closed","sticky":false,"template":"","format":"standard","meta":{"sfsi_plus_gutenberg_text_before_share":"","sfsi_plus_gutenberg_show_text_before_share":"","sfsi_plus_gutenberg_icon_type":"","sfsi_plus_gutenberg_icon_alignemt":"","sfsi_plus_gutenburg_max_per_row":"","footnotes":""},"categories":[50,11],"tags":[],"class_list":["post-187602","post","type-post","status-publish","format-standard","has-post-thumbnail","hentry","category-destaque","category-politica"],"_links":{"self":[{"href":"https:\/\/www.caririemacao.com\/1\/wp-json\/wp\/v2\/posts\/187602","targetHints":{"allow":["GET"]}}],"collection":[{"href":"https:\/\/www.caririemacao.com\/1\/wp-json\/wp\/v2\/posts"}],"about":[{"href":"https:\/\/www.caririemacao.com\/1\/wp-json\/wp\/v2\/types\/post"}],"author":[{"embeddable":true,"href":"https:\/\/www.caririemacao.com\/1\/wp-json\/wp\/v2\/users\/2"}],"replies":[{"embeddable":true,"href":"https:\/\/www.caririemacao.com\/1\/wp-json\/wp\/v2\/comments?post=187602"}],"version-history":[{"count":1,"href":"https:\/\/www.caririemacao.com\/1\/wp-json\/wp\/v2\/posts\/187602\/revisions"}],"predecessor-version":[{"id":187604,"href":"https:\/\/www.caririemacao.com\/1\/wp-json\/wp\/v2\/posts\/187602\/revisions\/187604"}],"wp:featuredmedia":[{"embeddable":true,"href":"https:\/\/www.caririemacao.com\/1\/wp-json\/wp\/v2\/media\/187603"}],"wp:attachment":[{"href":"https:\/\/www.caririemacao.com\/1\/wp-json\/wp\/v2\/media?parent=187602"}],"wp:term":[{"taxonomy":"category","embeddable":true,"href":"https:\/\/www.caririemacao.com\/1\/wp-json\/wp\/v2\/categories?post=187602"},{"taxonomy":"post_tag","embeddable":true,"href":"https:\/\/www.caririemacao.com\/1\/wp-json\/wp\/v2\/tags?post=187602"}],"curies":[{"name":"wp","href":"https:\/\/api.w.org\/{rel}","templated":true}]}}