{"id":187607,"date":"2020-09-10T06:58:10","date_gmt":"2020-09-10T09:58:10","guid":{"rendered":"https:\/\/www.caririemacao.com\/1\/?p=187607"},"modified":"2020-09-10T06:58:10","modified_gmt":"2020-09-10T09:58:10","slug":"tre-pb-mpf-e-oab-pb-promovem-congresso-virtual-de-direito-eleitoral-nos-dias-17-e-18-de-setembro","status":"publish","type":"post","link":"https:\/\/www.caririemacao.com\/1\/2020\/09\/10\/tre-pb-mpf-e-oab-pb-promovem-congresso-virtual-de-direito-eleitoral-nos-dias-17-e-18-de-setembro\/","title":{"rendered":"TRE-PB, MPF e OAB-PB promovem congresso virtual de direito eleitoral nos dias 17 e 18 de setembro"},"content":{"rendered":"\n<h1 class=\"wp-block-heading\"><\/h1>\n\n\n\n<p>Nos dias 17 e 18 de setembro acontecer\u00e1 o &#8216;I Congresso Virtual de Direito Eleitoral da Para\u00edba&#8217;, realizado pelo Tribunal Regional Eleitoral da Para\u00edba, por meio da Escola Judici\u00e1ria Eleitoral, pela OAB\/PB e pelo Minist\u00e9rio P\u00fablico Federal.<\/p>\n\n\n\n<p>Ser\u00e3o abordados importantes temas relacionados \u00e0s Elei\u00e7\u00f5es Municipais 2020, como: registro de candidatura, participa\u00e7\u00e3o feminina, ficha limpa, propaganda eleitoral, fake news, conduta vedada, abuso de poder e pandemia.<\/p>\n\n\n\n<p>O Congresso contar\u00e1 com o apoio institucional da ABRADEP, IDEL e COPEJE. Ser\u00e3o emitidos certificados de participa\u00e7\u00e3o para os ouvintes devidamente inscritos no evento.<\/p>\n","protected":false},"excerpt":{"rendered":"<p>Nos dias 17 e 18 de setembro acontecer\u00e1 o &#8216;I Congresso Virtual de Direito Eleitoral da Para\u00edba&#8217;, realizado pelo Tribunal Regional Eleitoral da Para\u00edba, por&hellip; <\/p>\n","protected":false},"author":2,"featured_media":187608,"comment_status":"closed","ping_status":"closed","sticky":false,"template":"","format":"standard","meta":{"sfsi_plus_gutenberg_text_before_share":"","sfsi_plus_gutenberg_show_text_before_share":"","sfsi_plus_gutenberg_icon_type":"","sfsi_plus_gutenberg_icon_alignemt":"","sfsi_plus_gutenburg_max_per_row":"","footnotes":""},"categories":[12],"tags":[],"class_list":["post-187607","post","type-post","status-publish","format-standard","has-post-thumbnail","hentry","category-policia"],"_links":{"self":[{"href":"https:\/\/www.caririemacao.com\/1\/wp-json\/wp\/v2\/posts\/187607","targetHints":{"allow":["GET"]}}],"collection":[{"href":"https:\/\/www.caririemacao.com\/1\/wp-json\/wp\/v2\/posts"}],"about":[{"href":"https:\/\/www.caririemacao.com\/1\/wp-json\/wp\/v2\/types\/post"}],"author":[{"embeddable":true,"href":"https:\/\/www.caririemacao.com\/1\/wp-json\/wp\/v2\/users\/2"}],"replies":[{"embeddable":true,"href":"https:\/\/www.caririemacao.com\/1\/wp-json\/wp\/v2\/comments?post=187607"}],"version-history":[{"count":1,"href":"https:\/\/www.caririemacao.com\/1\/wp-json\/wp\/v2\/posts\/187607\/revisions"}],"predecessor-version":[{"id":187609,"href":"https:\/\/www.caririemacao.com\/1\/wp-json\/wp\/v2\/posts\/187607\/revisions\/187609"}],"wp:featuredmedia":[{"embeddable":true,"href":"https:\/\/www.caririemacao.com\/1\/wp-json\/wp\/v2\/media\/187608"}],"wp:attachment":[{"href":"https:\/\/www.caririemacao.com\/1\/wp-json\/wp\/v2\/media?parent=187607"}],"wp:term":[{"taxonomy":"category","embeddable":true,"href":"https:\/\/www.caririemacao.com\/1\/wp-json\/wp\/v2\/categories?post=187607"},{"taxonomy":"post_tag","embeddable":true,"href":"https:\/\/www.caririemacao.com\/1\/wp-json\/wp\/v2\/tags?post=187607"}],"curies":[{"name":"wp","href":"https:\/\/api.w.org\/{rel}","templated":true}]}}