{"id":187611,"date":"2020-09-10T07:00:00","date_gmt":"2020-09-10T10:00:00","guid":{"rendered":"https:\/\/www.caririemacao.com\/1\/?p=187611"},"modified":"2020-09-10T07:00:00","modified_gmt":"2020-09-10T10:00:00","slug":"paulo-guedes-diz-que-queda-do-pib-neste-ano-deve-ser-mais-suave-do-que-esperado","status":"publish","type":"post","link":"https:\/\/www.caririemacao.com\/1\/2020\/09\/10\/paulo-guedes-diz-que-queda-do-pib-neste-ano-deve-ser-mais-suave-do-que-esperado\/","title":{"rendered":"Paulo Guedes diz que queda do PIB neste ano deve ser mais suave do que esperado"},"content":{"rendered":"\n<h1 class=\"wp-block-heading\"><\/h1>\n\n\n\n<p>Em evento virtual do Credit Suisse, ele disse que a retra\u00e7\u00e3o dever\u00e1 ficar abaixo do patamar estimado hoje por alguns agentes do mercado financeiro, entre 4% e 5%.<\/p>\n\n\n\n<p>Para o ministro, a recupera\u00e7\u00e3o da atividade econ\u00f4mica do Brasil, ap\u00f3s a crise da Covid-19, est\u00e1 mais r\u00e1pida do que projetado.<\/p>\n\n\n\n<p>Guedes refor\u00e7ou o discurso de controle dos gastos p\u00fablicos e reformas estruturantes, apesar da flexibiliza\u00e7\u00e3o de algumas regras fiscais neste ano diante da pandemia do coronav\u00edrus.<\/p>\n\n\n\n<p>Segundo ele, antes da crise da Covid-19, os dados econ\u00f4micos do Brasil eram bastante positivos.<\/p>\n\n\n\n<p>Atualmente, a proje\u00e7\u00e3o oficial do Minist\u00e9rio da Economia \u00e9 que o PIB dever\u00e1 cair 4,7% em 2020, mas a equipe de Guedes j\u00e1 vem apresentando um discurso de que essa previs\u00e3o dever\u00e1 ser alterada.<\/p>\n\n\n\n<p>Na semana passada, o secret\u00e1rio especial de Fazenda da pasta, Waldery Rodrigues, avaliou que o pior momento da crise j\u00e1 ficou para tr\u00e1s e, portanto, a perspectiva de queda de 4,7% dever\u00e1 passar por revis\u00e3o.<\/p>\n\n\n\n<p>A proje\u00e7\u00e3o m\u00e9dia do mercado financeiro est\u00e1 em queda de 5,31% do PIB neste ano, segundo o boletim Focus, divulgado pelo Banco Central.<\/p>\n","protected":false},"excerpt":{"rendered":"<p>Em evento virtual do Credit Suisse, ele disse que a retra\u00e7\u00e3o dever\u00e1 ficar abaixo do patamar estimado hoje por alguns agentes do mercado financeiro, entre&hellip; <\/p>\n","protected":false},"author":2,"featured_media":187612,"comment_status":"closed","ping_status":"closed","sticky":false,"template":"","format":"standard","meta":{"sfsi_plus_gutenberg_text_before_share":"","sfsi_plus_gutenberg_show_text_before_share":"","sfsi_plus_gutenberg_icon_type":"","sfsi_plus_gutenberg_icon_alignemt":"","sfsi_plus_gutenburg_max_per_row":"","footnotes":""},"categories":[2],"tags":[],"class_list":["post-187611","post","type-post","status-publish","format-standard","has-post-thumbnail","hentry","category-geral"],"_links":{"self":[{"href":"https:\/\/www.caririemacao.com\/1\/wp-json\/wp\/v2\/posts\/187611","targetHints":{"allow":["GET"]}}],"collection":[{"href":"https:\/\/www.caririemacao.com\/1\/wp-json\/wp\/v2\/posts"}],"about":[{"href":"https:\/\/www.caririemacao.com\/1\/wp-json\/wp\/v2\/types\/post"}],"author":[{"embeddable":true,"href":"https:\/\/www.caririemacao.com\/1\/wp-json\/wp\/v2\/users\/2"}],"replies":[{"embeddable":true,"href":"https:\/\/www.caririemacao.com\/1\/wp-json\/wp\/v2\/comments?post=187611"}],"version-history":[{"count":1,"href":"https:\/\/www.caririemacao.com\/1\/wp-json\/wp\/v2\/posts\/187611\/revisions"}],"predecessor-version":[{"id":187613,"href":"https:\/\/www.caririemacao.com\/1\/wp-json\/wp\/v2\/posts\/187611\/revisions\/187613"}],"wp:featuredmedia":[{"embeddable":true,"href":"https:\/\/www.caririemacao.com\/1\/wp-json\/wp\/v2\/media\/187612"}],"wp:attachment":[{"href":"https:\/\/www.caririemacao.com\/1\/wp-json\/wp\/v2\/media?parent=187611"}],"wp:term":[{"taxonomy":"category","embeddable":true,"href":"https:\/\/www.caririemacao.com\/1\/wp-json\/wp\/v2\/categories?post=187611"},{"taxonomy":"post_tag","embeddable":true,"href":"https:\/\/www.caririemacao.com\/1\/wp-json\/wp\/v2\/tags?post=187611"}],"curies":[{"name":"wp","href":"https:\/\/api.w.org\/{rel}","templated":true}]}}