{"id":187615,"date":"2020-09-10T08:02:42","date_gmt":"2020-09-10T11:02:42","guid":{"rendered":"https:\/\/www.caririemacao.com\/1\/?p=187615"},"modified":"2020-09-10T08:02:42","modified_gmt":"2020-09-10T11:02:42","slug":"baixa-umidade-na-pb-pode-chegar-a-indice-dos-desertos-do-saara-e-do-atacama","status":"publish","type":"post","link":"https:\/\/www.caririemacao.com\/1\/2020\/09\/10\/baixa-umidade-na-pb-pode-chegar-a-indice-dos-desertos-do-saara-e-do-atacama\/","title":{"rendered":"Baixa umidade na PB pode chegar a \u00edndice dos desertos do Saara e do Atacama"},"content":{"rendered":"\n<h1 class=\"wp-block-heading\"><\/h1>\n\n\n\n<p>O Instituto Nacional de Meteorologia (Inmet) publicou alertas de perigo e perigo potencial de baixa umidade do ar para as regi\u00f5es do Agreste, Brejo e Sert\u00e3o da Para\u00edba. O alerta \u00e9 v\u00e1lido at\u00e9 as 18h desta quarta-feira (9).<\/p>\n\n\n\n<p>No alerta de perigo, sinalizado pela cor laranja, o Inmet destaca que a umidade do ar deve variar entre 20% e 12%.<\/p>\n\n\n\n<p>O \u00edndice m\u00ednimo previsto \u00e9 compar\u00e1vel ao registrado em desertos como o do Saara e do Atacama. Moradores de \u00e1reas onde a previs\u00e3o se confirmar podem sentir ressecamento da pele e desconforto nos olhos, boca e nariz.<\/p>\n\n\n\n<p>No aviso de perigo potencial, indicado pela cor amarela, o Inmet aponta que a umidade do ar deve oscilar entre 30% e 20%. Os dois alertas indicam para a possibilidade de inc\u00eandios florestais.<\/p>\n\n\n\n<p>O Inmet orienta que moradores de cidades listadas nos dois alertas bebam bastante \u00e1gua, evitem exposi\u00e7\u00e3o ao sol nas horas mais quentes do dia e evitem atividades f\u00edsicas. Para os munic\u00edpios em alerta laranja, \u00e9 recomendado, ainda, o uso de hidratante para a pele e umidificador de ambientes. Em caso de emerg\u00eancias, devem ser acionados o Corpo de Bombeiros (telefone 193) ou a Defesa Civil (telefone 199).<\/p>\n\n\n\n<h4 class=\"wp-block-heading\"><strong>Veja mais abaixo a rela\u00e7\u00e3o de munic\u00edpios em risco<\/strong><\/h4>\n\n\n\n<figure class=\"wp-block-table\"><table><tbody><tr><td><strong>Cidades com alerta laranja<\/strong><\/td><td><strong>Cidades com alerta amarelo<\/strong><\/td><\/tr><tr><td>Aguiar<\/td><td>Alcantil<\/td><\/tr><tr><td>Aparecida<\/td><td>Algod\u00e3o De Janda\u00edra<\/td><\/tr><tr><td>Bel\u00e9m Do Brejo Do Cruz<\/td><td>Amparo<\/td><\/tr><tr><td>Bernardino Batista<\/td><td>Areia De Bara\u00fanas<\/td><\/tr><tr><td>Boa Ventura<\/td><td>Assun\u00e7\u00e3o<\/td><\/tr><tr><td>Bom Jesus<\/td><td>Bara\u00fana<\/td><\/tr><tr><td>Bom Sucesso<\/td><td>Barra De Santa Rosa<\/td><\/tr><tr><td>Bonito De Santa F\u00e9<\/td><td>Barra De Santana<\/td><\/tr><tr><td>Brejo Do Cruz<\/td><td>Barra De S\u00e3o Miguel<\/td><\/tr><tr><td>Brejo Dos Santos<\/td><td>Bel\u00e9m Do Brejo Do Cruz<\/td><\/tr><tr><td>Cachoeira Dos \u00cdndios<\/td><td>Boa Vista<\/td><\/tr><tr><td>Cajazeiras<\/td><td>Boqueir\u00e3o<\/td><\/tr><tr><td>Cajazeirinhas<\/td><td>Brejo Do Cruz<\/td><\/tr><tr><td>Carrapateira<\/td><td>Cabaceiras<\/td><\/tr><tr><td>Catingueira<\/td><td>Cacimba De Areia<\/td><\/tr><tr><td>Catol\u00e9 Do Rocha<\/td><td>Cacimbas<\/td><\/tr><tr><td>Concei\u00e7\u00e3o<\/td><td>Camala\u00fa<\/td><\/tr><tr><td>Condado<\/td><td>Campina Grande<\/td><\/tr><tr><td>Coremas<\/td><td>Cara\u00fabas<\/td><\/tr><tr><td>Curral Velho<\/td><td>Catingueira<\/td><\/tr><tr><td>Diamante<\/td><td>Caturit\u00e9<\/td><\/tr><tr><td>Emas<\/td><td>Condado<\/td><\/tr><tr><td>Ibiara<\/td><td>Congo<\/td><\/tr><tr><td>Igaracy<\/td><td>Coxixola<\/td><\/tr><tr><td>Itaporanga<\/td><td>Cubati<\/td><\/tr><tr><td>Jeric\u00f3<\/td><td>Cuit\u00e9<\/td><\/tr><tr><td>Joca Claudino<\/td><td>Desterro<\/td><\/tr><tr><td>Juru<\/td><td>Emas<\/td><\/tr><tr><td>Lagoa<\/td><td>Frei Martinho<\/td><\/tr><tr><td>Lastro<\/td><td>Gurj\u00e3o<\/td><\/tr><tr><td>Mana\u00edra<\/td><td>Imaculada<\/td><\/tr><tr><td>Mariz\u00f3polis<\/td><td>Juazeirinho<\/td><\/tr><tr><td>Mato Grosso<\/td><td>Junco Do Serid\u00f3<\/td><\/tr><tr><td>Monte Horebe<\/td><td>Juru<\/td><\/tr><tr><td>Nazarezinho<\/td><td>Livramento<\/td><\/tr><tr><td>Nova Olinda<\/td><td>Malta<\/td><\/tr><tr><td>Olho D\u2019\u00c1gua<\/td><td>Matur\u00e9ia<\/td><\/tr><tr><td>Paulista<\/td><td>Monteiro<\/td><\/tr><tr><td>Pedra Branca<\/td><td>M\u00e3e D\u2019\u00c1gua<\/td><\/tr><tr><td>Pianc\u00f3<\/td><td>Nova Floresta<\/td><\/tr><tr><td>Pombal<\/td><td>Nova Palmeira<\/td><\/tr><tr><td>Po\u00e7o Dantas<\/td><td>Olho D\u2019\u00c1gua<\/td><\/tr><tr><td>Po\u00e7o De Jos\u00e9 De Moura<\/td><td>Olivedos<\/td><\/tr><tr><td>Princesa Isabel<\/td><td>Ouro Velho<\/td><\/tr><tr><td>Riacho Dos Cavalos<\/td><td>Parari<\/td><\/tr><tr><td>Santa Cruz<\/td><td>Passagem<\/td><\/tr><tr><td>Santa Helena<\/td><td>Patos<\/td><\/tr><tr><td>Santa In\u00eas<\/td><td>Paulista<\/td><\/tr><tr><td>Santana De Mangueira<\/td><td>Pedra Lavrada<\/td><\/tr><tr><td>Santana Dos Garrotes<\/td><td>Picu\u00ed<\/td><\/tr><tr><td>Serra Grande<\/td><td>Pocinhos<\/td><\/tr><tr><td>Sousa<\/td><td>Prata<\/td><\/tr><tr><td>S\u00e3o Bentinho<\/td><td>Princesa Isabel<\/td><\/tr><tr><td>S\u00e3o Bento<\/td><td>Quixab\u00e1<\/td><\/tr><tr><td>S\u00e3o Domingos<\/td><td>Riacho De Santo Ant\u00f4nio<\/td><\/tr><tr><td>S\u00e3o Francisco<\/td><td>Riacho Dos Cavalos<\/td><\/tr><tr><td>S\u00e3o Jos\u00e9 Da Lagoa Tapada<\/td><td>Salgadinho<\/td><\/tr><tr><td>S\u00e3o Jos\u00e9 De Caiana<\/td><td>Santa Cec\u00edlia<\/td><\/tr><tr><td>S\u00e3o Jos\u00e9 De Piranhas<\/td><td>Santa Luzia<\/td><\/tr><tr><td>S\u00e3o Jos\u00e9 De Princesa<\/td><td>Santa Teresinha<\/td><\/tr><tr><td>S\u00e3o Jo\u00e3o Do Rio Do Peixe<\/td><td>Santo Andr\u00e9<\/td><\/tr><tr><td>Tavares<\/td><td>Serra Branca<\/td><\/tr><tr><td>Triunfo<\/td><td>Soledade<\/td><\/tr><tr><td>Uira\u00fana<\/td><td>Soss\u00eago<\/td><\/tr><tr><td>Vieir\u00f3polis<\/td><td>Sum\u00e9<\/td><\/tr><tr><td>Vista Serrana<\/td><td>S\u00e3o Bento<\/td><\/tr><tr><td><\/td><td>S\u00e3o Domingos Do Cariri<\/td><\/tr><tr><td><\/td><td>S\u00e3o Jos\u00e9 De Espinharas<\/td><\/tr><tr><td><\/td><td>S\u00e3o Jos\u00e9 De Princesa<\/td><\/tr><tr><td><\/td><td>S\u00e3o Jos\u00e9 Do Bonfim<\/td><\/tr><tr><td><\/td><td>S\u00e3o Jos\u00e9 Do Brejo Do Cruz<\/td><\/tr><tr><td><\/td><td>S\u00e3o Jos\u00e9 Do Sabugi<\/td><\/tr><tr><td><\/td><td>S\u00e3o Jos\u00e9 Dos Cordeiros<\/td><\/tr><tr><td><\/td><td>S\u00e3o Jo\u00e3o Do Cariri<\/td><\/tr><tr><td><\/td><td>S\u00e3o Jo\u00e3o Do Tigre<\/td><\/tr><tr><td><\/td><td>S\u00e3o Mamede<\/td><\/tr><tr><td><\/td><td>S\u00e3o Sebasti\u00e3o Do Umbuzeiro<\/td><\/tr><tr><td><\/td><td>S\u00e3o Vicente Do Serid\u00f3<\/td><\/tr><tr><td><\/td><td>Tapero\u00e1<\/td><\/tr><tr><td><\/td><td>Tavares<\/td><\/tr><tr><td><\/td><td>Teixeira<\/td><\/tr><tr><td><\/td><td>Ten\u00f3rio<\/td><\/tr><tr><td><\/td><td>Vista Serrana<\/td><\/tr><tr><td><\/td><td>V\u00e1rzea<\/td><\/tr><tr><td><\/td><td>Zabel\u00ea<\/td><\/tr><tr><td><\/td><td>\u00c1gua Branca<\/td><\/tr><\/tbody><\/table><\/figure>\n","protected":false},"excerpt":{"rendered":"<p>O Instituto Nacional de Meteorologia (Inmet) publicou alertas de perigo e perigo potencial de baixa umidade do ar para as regi\u00f5es do Agreste, Brejo e&hellip; <\/p>\n","protected":false},"author":2,"featured_media":187616,"comment_status":"closed","ping_status":"closed","sticky":false,"template":"","format":"standard","meta":{"sfsi_plus_gutenberg_text_before_share":"","sfsi_plus_gutenberg_show_text_before_share":"","sfsi_plus_gutenberg_icon_type":"","sfsi_plus_gutenberg_icon_alignemt":"","sfsi_plus_gutenburg_max_per_row":"","footnotes":""},"categories":[2],"tags":[],"class_list":["post-187615","post","type-post","status-publish","format-standard","has-post-thumbnail","hentry","category-geral"],"_links":{"self":[{"href":"https:\/\/www.caririemacao.com\/1\/wp-json\/wp\/v2\/posts\/187615","targetHints":{"allow":["GET"]}}],"collection":[{"href":"https:\/\/www.caririemacao.com\/1\/wp-json\/wp\/v2\/posts"}],"about":[{"href":"https:\/\/www.caririemacao.com\/1\/wp-json\/wp\/v2\/types\/post"}],"author":[{"embeddable":true,"href":"https:\/\/www.caririemacao.com\/1\/wp-json\/wp\/v2\/users\/2"}],"replies":[{"embeddable":true,"href":"https:\/\/www.caririemacao.com\/1\/wp-json\/wp\/v2\/comments?post=187615"}],"version-history":[{"count":1,"href":"https:\/\/www.caririemacao.com\/1\/wp-json\/wp\/v2\/posts\/187615\/revisions"}],"predecessor-version":[{"id":187617,"href":"https:\/\/www.caririemacao.com\/1\/wp-json\/wp\/v2\/posts\/187615\/revisions\/187617"}],"wp:featuredmedia":[{"embeddable":true,"href":"https:\/\/www.caririemacao.com\/1\/wp-json\/wp\/v2\/media\/187616"}],"wp:attachment":[{"href":"https:\/\/www.caririemacao.com\/1\/wp-json\/wp\/v2\/media?parent=187615"}],"wp:term":[{"taxonomy":"category","embeddable":true,"href":"https:\/\/www.caririemacao.com\/1\/wp-json\/wp\/v2\/categories?post=187615"},{"taxonomy":"post_tag","embeddable":true,"href":"https:\/\/www.caririemacao.com\/1\/wp-json\/wp\/v2\/tags?post=187615"}],"curies":[{"name":"wp","href":"https:\/\/api.w.org\/{rel}","templated":true}]}}