{"id":187620,"date":"2020-09-10T08:05:06","date_gmt":"2020-09-10T11:05:06","guid":{"rendered":"https:\/\/www.caririemacao.com\/1\/?p=187620"},"modified":"2020-09-10T08:05:06","modified_gmt":"2020-09-10T11:05:06","slug":"ao-menos-10-tremores-de-terra-sao-registrados-em-caruaru-em-pernambuco","status":"publish","type":"post","link":"https:\/\/www.caririemacao.com\/1\/2020\/09\/10\/ao-menos-10-tremores-de-terra-sao-registrados-em-caruaru-em-pernambuco\/","title":{"rendered":"Ao menos 10 tremores de terra s\u00e3o registrados em Caruaru, em Pernambuco"},"content":{"rendered":"\n<h3 class=\"wp-block-heading\"><\/h3>\n\n\n\n<p><\/p>\n\n\n\n<hr class=\"wp-block-separator\"\/>\n\n\n\n<p>Pelo menos dez&nbsp;<strong>tremores<\/strong>&nbsp;foram registrados na cidade de&nbsp;<strong><a href=\"https:\/\/wscom.com.br\/comissao-do-senado-aprova-relatorio-que-cria-rede-integrada-campina-grande-caruaru\/\" target=\"_blank\" rel=\"noreferrer noopener\">Caruaru<\/a><\/strong>, no sert\u00e3o de Pernambuco, nas \u00faltimas 24 horas. As atividades s\u00edsmicas iniciaram na segunda-feira (7) e continuam ainda hoje (9).<img decoding=\"async\" data-src=\"https:\/\/agenciabrasil.ebc.com.br\/ebc.png?id=1387433&amp;o=node\" src=\"data:image\/svg+xml;base64,PHN2ZyB3aWR0aD0iMSIgaGVpZ2h0PSIxIiB4bWxucz0iaHR0cDovL3d3dy53My5vcmcvMjAwMC9zdmciPjwvc3ZnPg==\" class=\"lazyload\"><img decoding=\"async\" data-src=\"https:\/\/agenciabrasil.ebc.com.br\/ebc.gif?id=1387433&amp;o=node\" src=\"data:image\/svg+xml;base64,PHN2ZyB3aWR0aD0iMSIgaGVpZ2h0PSIxIiB4bWxucz0iaHR0cDovL3d3dy53My5vcmcvMjAwMC9zdmciPjwvc3ZnPg==\" class=\"lazyload\"><\/p>\n\n\n\n<p>Os abalos foram identificados pela Rede Sismogr\u00e1fica Brasileira (RSBr), em movimenta\u00e7\u00f5es captadas por sism\u00f3grafos monitorados por um laborat\u00f3rio especializado no tema da Universidade Federal do Rio Grande do Norte (UFRN).<\/p>\n\n\n\n<p>O maior tremor ocorreu hoje (9), \u00e0s 10h36, de magnitude 2.5 na escala Richter. Ontem (8), um outro abalo j\u00e1 havia sido captado \u00e0s 23h18, com magnitude 2.0. Na madrugada de hoje, um tremor foi registrado por volta de 0h, com magnitude 1.8.<\/p>\n\n\n\n<p>Segundo o Laborat\u00f3rio Sismogr\u00e1fico da UFRN, n\u00e3o \u00e9 poss\u00edvel saber se os tremores v\u00e3o continuar ou se ser\u00e3o interrompidos.<\/p>\n","protected":false},"excerpt":{"rendered":"<p>Pelo menos dez&nbsp;tremores&nbsp;foram registrados na cidade de&nbsp;Caruaru, no sert\u00e3o de Pernambuco, nas \u00faltimas 24 horas. As atividades s\u00edsmicas iniciaram na segunda-feira (7) e continuam ainda&hellip; <\/p>\n","protected":false},"author":2,"featured_media":187621,"comment_status":"closed","ping_status":"closed","sticky":false,"template":"","format":"standard","meta":{"sfsi_plus_gutenberg_text_before_share":"","sfsi_plus_gutenberg_show_text_before_share":"","sfsi_plus_gutenberg_icon_type":"","sfsi_plus_gutenberg_icon_alignemt":"","sfsi_plus_gutenburg_max_per_row":"","footnotes":""},"categories":[50,2],"tags":[],"class_list":["post-187620","post","type-post","status-publish","format-standard","has-post-thumbnail","hentry","category-destaque","category-geral"],"_links":{"self":[{"href":"https:\/\/www.caririemacao.com\/1\/wp-json\/wp\/v2\/posts\/187620","targetHints":{"allow":["GET"]}}],"collection":[{"href":"https:\/\/www.caririemacao.com\/1\/wp-json\/wp\/v2\/posts"}],"about":[{"href":"https:\/\/www.caririemacao.com\/1\/wp-json\/wp\/v2\/types\/post"}],"author":[{"embeddable":true,"href":"https:\/\/www.caririemacao.com\/1\/wp-json\/wp\/v2\/users\/2"}],"replies":[{"embeddable":true,"href":"https:\/\/www.caririemacao.com\/1\/wp-json\/wp\/v2\/comments?post=187620"}],"version-history":[{"count":1,"href":"https:\/\/www.caririemacao.com\/1\/wp-json\/wp\/v2\/posts\/187620\/revisions"}],"predecessor-version":[{"id":187622,"href":"https:\/\/www.caririemacao.com\/1\/wp-json\/wp\/v2\/posts\/187620\/revisions\/187622"}],"wp:featuredmedia":[{"embeddable":true,"href":"https:\/\/www.caririemacao.com\/1\/wp-json\/wp\/v2\/media\/187621"}],"wp:attachment":[{"href":"https:\/\/www.caririemacao.com\/1\/wp-json\/wp\/v2\/media?parent=187620"}],"wp:term":[{"taxonomy":"category","embeddable":true,"href":"https:\/\/www.caririemacao.com\/1\/wp-json\/wp\/v2\/categories?post=187620"},{"taxonomy":"post_tag","embeddable":true,"href":"https:\/\/www.caririemacao.com\/1\/wp-json\/wp\/v2\/tags?post=187620"}],"curies":[{"name":"wp","href":"https:\/\/api.w.org\/{rel}","templated":true}]}}